{"id":25315,"date":"2019-09-13T11:00:32","date_gmt":"2019-09-13T11:00:32","guid":{"rendered":"http:\/\/tv.dms3labs.cat\/el-vendrell-se-anade-a-la-semana-europea-de-la-movilidad-con-el-lema-camina-con-nosotros\/"},"modified":"2019-09-13T11:00:32","modified_gmt":"2019-09-13T11:00:32","slug":"el-vendrell-se-anade-a-la-semana-europea-de-la-movilidad-con-el-lema-camina-con-nosotros","status":"publish","type":"post","link":"https:\/\/www.elvendrellturisme.com\/es\/el-vendrell-se-anade-a-la-semana-europea-de-la-movilidad-con-el-lema-camina-con-nosotros\/","title":{"rendered":"El Vendrell se a\u00f1ade a la Semana Europea de la Movilidad con el lema &quot;Camina con nosotros!&quot;"},"content":{"rendered":"<p>Del 16 al 22 de septiembre, se celebra la Semana Europea de la Movilidad, que promueve h\u00e1bitos de movilidad m\u00e1s sostenibles, seguros y saludables como son los desplazamientos a pie, en bicicleta, en transporte p\u00fablico o en veh\u00edculo el\u00e9ctrico, as\u00ed como visualizar los cambios posibles en el uso del espacio p\u00fablico, mejorar la calidad del aire y la reducci\u00f3n de la contaminaci\u00f3n.<\/p>\n<p>Con el lema &#8216;Camina con nosotros!&#8217;, La Semana del 2019 nos anima a movernos de manera sostenible, saludable y segura: caminar o ir en bicicleta son actividades beneficiosas no s\u00f3lo para nuestra salud y para el medio ambiente, \u00a1sino tambi\u00e9n para nuestro bolsillo!<\/p>\n<p>El Vendrell se a\u00f1ade a esta campa\u00f1a con la programaci\u00f3n de las actividades siguientes:<\/p>\n<p>Viernes 20 de septiembre, una caminata cultural por Vendrell, organizada por el Museo Deu. Es necesaria la inscripci\u00f3n previa en el Museo Deu (tel. 977 66 63 08 \/ c\/e: museudeu@elvendrell.net).<\/p>\n<p>S\u00e1bado 21 de septiembre, una bicicletada desde la Colonia Ferroviaria de Sant Vicen\u00e7 de Calders hasta el Espacio natural de les Madrigueres, organizada por el grupo ecologista GEVEN y la Asociaci\u00f3n para la Preservaci\u00f3n de la Colonia Ferroviaria de Sant Vicen\u00e7 de Calders. Es necesario realizar la inscripci\u00f3n por correo electr\u00f3nico gevenbpenedes@gmail.com.<\/p>\n<p>Domingo 22 de septiembre, una caminata solidaria desde el Vendrell a Sant Vicen\u00e7 de Calders pueblo, organizada por la Asociaci\u00f3n de familiares de enfermos de Alzheimer. Es necesario hacer la inscripci\u00f3n en el CIT (Ctra. Dr. Robert, 33).<\/p>\n<p>Domingo 22 de septiembre, de 11 ha 14 h, una jornada de puertas abiertas en el Museo Deu.<\/p>\n<p>La concejala de Movilidad, N\u00faria Rovira, anima a todos a participar y a adoptar nuevos h\u00e1bitos en los desplazamientos que hacemos por una movilidad m\u00e1s sostenible.<\/p>\n","protected":false},"excerpt":{"rendered":"<p>Del 16 al 22 de septiembre, se celebra la Semana Europea de la Movilidad, que promueve h\u00e1bitos de movilidad m\u00e1s sostenibles, seguros y saludables como son los desplazamientos a pie, en bicicleta, en transporte p\u00fablico o en veh\u00edculo el\u00e9ctrico, as\u00ed como visualizar los cambios posibles en el uso del espacio p\u00fablico, mejorar la calidad del [&hellip;]<\/p>\n","protected":false},"author":1,"featured_media":20007,"comment_status":"open","ping_status":"closed","sticky":false,"template":"","format":"standard","meta":{"_acf_changed":false,"_et_pb_use_builder":"","_et_pb_old_content":"","_et_gb_content_width":"","content-type":"","footnotes":""},"categories":[],"tags":[],"dipi_cpt_category":[],"class_list":["post-25315","post","type-post","status-publish","format-standard","has-post-thumbnail","hentry"],"acf":[],"_links":{"self":[{"href":"https:\/\/www.elvendrellturisme.com\/es\/wp-json\/wp\/v2\/posts\/25315","targetHints":{"allow":["GET"]}}],"collection":[{"href":"https:\/\/www.elvendrellturisme.com\/es\/wp-json\/wp\/v2\/posts"}],"about":[{"href":"https:\/\/www.elvendrellturisme.com\/es\/wp-json\/wp\/v2\/types\/post"}],"author":[{"embeddable":true,"href":"https:\/\/www.elvendrellturisme.com\/es\/wp-json\/wp\/v2\/users\/1"}],"replies":[{"embeddable":true,"href":"https:\/\/www.elvendrellturisme.com\/es\/wp-json\/wp\/v2\/comments?post=25315"}],"version-history":[{"count":0,"href":"https:\/\/www.elvendrellturisme.com\/es\/wp-json\/wp\/v2\/posts\/25315\/revisions"}],"wp:featuredmedia":[{"embeddable":true,"href":"https:\/\/www.elvendrellturisme.com\/es\/wp-json\/wp\/v2\/media\/20007"}],"wp:attachment":[{"href":"https:\/\/www.elvendrellturisme.com\/es\/wp-json\/wp\/v2\/media?parent=25315"}],"wp:term":[{"taxonomy":"category","embeddable":true,"href":"https:\/\/www.elvendrellturisme.com\/es\/wp-json\/wp\/v2\/categories?post=25315"},{"taxonomy":"post_tag","embeddable":true,"href":"https:\/\/www.elvendrellturisme.com\/es\/wp-json\/wp\/v2\/tags?post=25315"},{"taxonomy":"dipi_cpt_category","embeddable":true,"href":"https:\/\/www.elvendrellturisme.com\/es\/wp-json\/wp\/v2\/dipi_cpt_category?post=25315"}],"curies":[{"name":"wp","href":"https:\/\/api.w.org\/{rel}","templated":true}]}}