{"id":25317,"date":"2019-09-19T12:38:01","date_gmt":"2019-09-19T12:38:01","guid":{"rendered":"http:\/\/tv.dms3labs.cat\/se-retrasa-el-inicio-de-la-venta-de-entradas\/"},"modified":"2019-09-19T12:38:01","modified_gmt":"2019-09-19T12:38:01","slug":"se-retrasa-el-inicio-de-la-venta-de-entradas","status":"publish","type":"post","link":"https:\/\/www.elvendrellturisme.com\/es\/se-retrasa-el-inicio-de-la-venta-de-entradas\/","title":{"rendered":"Se retrasa el inicio de la venta de entradas"},"content":{"rendered":"<p>Por problemas t\u00e9cnicos, la venta de entradas para la nueva programaci\u00f3n de oto\u00f1o del Temporada iniciar\u00e1 el pr\u00f3ximo mi\u00e9rcoles 25, a partir de las 9 de la ma\u00f1ana.<\/p>\n<p>Los interesados \u200b\u200bdispondr\u00e1n de 2 opciones:<br \/>\n-Novedad: a trav\u00e9s de la web www.temporada.cat Se podr\u00e1n adquirir las entradas sin comisiones<br \/>\n&#8211; En el edificio de Cultura (La Rambla, 24)<\/p>\n<p>Mientras tanto, se puede consultar ya toda la programaci\u00f3n (19 espect\u00e1culos), en la misma web, donde est\u00e1 detallada toda la informaci\u00f3n de cada espect\u00e1culo. Como es habitual, los equipamientos donde tendr\u00e1 lugar la programaci\u00f3n son el Auditorio Pau Casals, el Auditorio del T\u00edvoli y el Teatro \u00c0ngel Guimer\u00e0, que este a\u00f1o cumple 10 a\u00f1os. Este aniversario sirve de pistoletazo de salida a la programaci\u00f3n, con una celebraci\u00f3n especial.<\/p>\n","protected":false},"excerpt":{"rendered":"<p>Por problemas t\u00e9cnicos, la venta de entradas para la nueva programaci\u00f3n de oto\u00f1o del Temporada iniciar\u00e1 el pr\u00f3ximo mi\u00e9rcoles 25, a partir de las 9 de la ma\u00f1ana. Los interesados \u200b\u200bdispondr\u00e1n de 2 opciones: -Novedad: a trav\u00e9s de la web www.temporada.cat Se podr\u00e1n adquirir las entradas sin comisiones &#8211; En el edificio de Cultura (La [&hellip;]<\/p>\n","protected":false},"author":1,"featured_media":20015,"comment_status":"open","ping_status":"closed","sticky":false,"template":"","format":"standard","meta":{"_acf_changed":false,"_et_pb_use_builder":"","_et_pb_old_content":"","_et_gb_content_width":"","content-type":"","footnotes":""},"categories":[],"tags":[],"dipi_cpt_category":[],"class_list":["post-25317","post","type-post","status-publish","format-standard","has-post-thumbnail","hentry"],"acf":[],"_links":{"self":[{"href":"https:\/\/www.elvendrellturisme.com\/es\/wp-json\/wp\/v2\/posts\/25317","targetHints":{"allow":["GET"]}}],"collection":[{"href":"https:\/\/www.elvendrellturisme.com\/es\/wp-json\/wp\/v2\/posts"}],"about":[{"href":"https:\/\/www.elvendrellturisme.com\/es\/wp-json\/wp\/v2\/types\/post"}],"author":[{"embeddable":true,"href":"https:\/\/www.elvendrellturisme.com\/es\/wp-json\/wp\/v2\/users\/1"}],"replies":[{"embeddable":true,"href":"https:\/\/www.elvendrellturisme.com\/es\/wp-json\/wp\/v2\/comments?post=25317"}],"version-history":[{"count":0,"href":"https:\/\/www.elvendrellturisme.com\/es\/wp-json\/wp\/v2\/posts\/25317\/revisions"}],"wp:featuredmedia":[{"embeddable":true,"href":"https:\/\/www.elvendrellturisme.com\/es\/wp-json\/wp\/v2\/media\/20015"}],"wp:attachment":[{"href":"https:\/\/www.elvendrellturisme.com\/es\/wp-json\/wp\/v2\/media?parent=25317"}],"wp:term":[{"taxonomy":"category","embeddable":true,"href":"https:\/\/www.elvendrellturisme.com\/es\/wp-json\/wp\/v2\/categories?post=25317"},{"taxonomy":"post_tag","embeddable":true,"href":"https:\/\/www.elvendrellturisme.com\/es\/wp-json\/wp\/v2\/tags?post=25317"},{"taxonomy":"dipi_cpt_category","embeddable":true,"href":"https:\/\/www.elvendrellturisme.com\/es\/wp-json\/wp\/v2\/dipi_cpt_category?post=25317"}],"curies":[{"name":"wp","href":"https:\/\/api.w.org\/{rel}","templated":true}]}}