{"id":25321,"date":"2019-09-27T13:50:07","date_gmt":"2019-09-27T13:50:07","guid":{"rendered":"http:\/\/tv.dms3labs.cat\/todo-a-punto-en-el-vendrell-por-la-novena-edicion-del-festival-cultura-urbana\/"},"modified":"2019-09-27T13:50:07","modified_gmt":"2019-09-27T13:50:07","slug":"todo-a-punto-en-el-vendrell-por-la-novena-edicion-del-festival-cultura-urbana","status":"publish","type":"post","link":"https:\/\/www.elvendrellturisme.com\/es\/todo-a-punto-en-el-vendrell-por-la-novena-edicion-del-festival-cultura-urbana\/","title":{"rendered":"Todo a punto en El Vendrell por la novena edici\u00f3n del festival Cultura Urbana"},"content":{"rendered":"<p>El festival Cultura Urbana el Vendrell celebra este pr\u00f3ximo s\u00e1bado 28 de septiembre su 9\u00aa edici\u00f3n.<\/p>\n<p>Un a\u00f1o m\u00e1s se organiza este encuentro internacional, que tendr\u00e1 unas 24 personas participantes procedentes de otros pa\u00edses, sobre unos 50 inscritos. Se espera que este n\u00famero se incremente y que este a\u00f1o sea la edici\u00f3n con m\u00e1s participaci\u00f3n.<\/p>\n<p>Como en cada edici\u00f3n, el festival incluir\u00e1 el tradicional concurso de grafitis, que comenzar\u00e1 a partir de las 9: 30h en el inicio de la v\u00eda verde del Vendrell.<\/p>\n<p>El resto de actos de la jornada tendr\u00e1n lugar por la tarde, en la plaza Nueva. A partir de las 15:30 h se har\u00e1n las competiciones de Break Dance: el Open 1vs1 (clasificaci\u00f3n para la competici\u00f3n internacional de los Estados Unidos), la BGIRLS 1vs1 (modalidad femenina) y la KIDS 1vs1 (ni\u00f1os). Y a partir de las 20 h, se har\u00e1 la cl\u00e1sica &quot;batalla de gallos&quot; MC Battle.<\/p>\n<p>La jornada estar\u00e1 dinamizada por los populares Jandro y Keor y el Dj Vienti\u00e1n.<\/p>\n<p>El Cultura Urbana de El Vendrell, una de las actividades destacadas de la Concejal\u00eda de Juventud del Ayuntamiento de Vic, es un evento plenamente consolidado que ya forma parte del calendario europeo de este movimiento.<\/p>\n","protected":false},"excerpt":{"rendered":"<p>El festival Cultura Urbana el Vendrell celebra este pr\u00f3ximo s\u00e1bado 28 de septiembre su 9\u00aa edici\u00f3n. Un a\u00f1o m\u00e1s se organiza este encuentro internacional, que tendr\u00e1 unas 24 personas participantes procedentes de otros pa\u00edses, sobre unos 50 inscritos. Se espera que este n\u00famero se incremente y que este a\u00f1o sea la edici\u00f3n con m\u00e1s participaci\u00f3n. [&hellip;]<\/p>\n","protected":false},"author":1,"featured_media":20031,"comment_status":"open","ping_status":"closed","sticky":false,"template":"","format":"standard","meta":{"_acf_changed":false,"_et_pb_use_builder":"","_et_pb_old_content":"","_et_gb_content_width":"","content-type":"","footnotes":""},"categories":[],"tags":[],"dipi_cpt_category":[],"class_list":["post-25321","post","type-post","status-publish","format-standard","has-post-thumbnail","hentry"],"acf":[],"_links":{"self":[{"href":"https:\/\/www.elvendrellturisme.com\/es\/wp-json\/wp\/v2\/posts\/25321","targetHints":{"allow":["GET"]}}],"collection":[{"href":"https:\/\/www.elvendrellturisme.com\/es\/wp-json\/wp\/v2\/posts"}],"about":[{"href":"https:\/\/www.elvendrellturisme.com\/es\/wp-json\/wp\/v2\/types\/post"}],"author":[{"embeddable":true,"href":"https:\/\/www.elvendrellturisme.com\/es\/wp-json\/wp\/v2\/users\/1"}],"replies":[{"embeddable":true,"href":"https:\/\/www.elvendrellturisme.com\/es\/wp-json\/wp\/v2\/comments?post=25321"}],"version-history":[{"count":0,"href":"https:\/\/www.elvendrellturisme.com\/es\/wp-json\/wp\/v2\/posts\/25321\/revisions"}],"wp:featuredmedia":[{"embeddable":true,"href":"https:\/\/www.elvendrellturisme.com\/es\/wp-json\/wp\/v2\/media\/20031"}],"wp:attachment":[{"href":"https:\/\/www.elvendrellturisme.com\/es\/wp-json\/wp\/v2\/media?parent=25321"}],"wp:term":[{"taxonomy":"category","embeddable":true,"href":"https:\/\/www.elvendrellturisme.com\/es\/wp-json\/wp\/v2\/categories?post=25321"},{"taxonomy":"post_tag","embeddable":true,"href":"https:\/\/www.elvendrellturisme.com\/es\/wp-json\/wp\/v2\/tags?post=25321"},{"taxonomy":"dipi_cpt_category","embeddable":true,"href":"https:\/\/www.elvendrellturisme.com\/es\/wp-json\/wp\/v2\/dipi_cpt_category?post=25321"}],"curies":[{"name":"wp","href":"https:\/\/api.w.org\/{rel}","templated":true}]}}