{"id":25323,"date":"2019-10-01T13:28:58","date_gmt":"2019-10-01T13:28:58","guid":{"rendered":"http:\/\/tv.dms3labs.cat\/25323\/"},"modified":"2019-10-01T13:28:58","modified_gmt":"2019-10-01T13:28:58","slug":"25323","status":"publish","type":"post","link":"https:\/\/www.elvendrellturisme.com\/es\/25323\/","title":{"rendered":""},"content":{"rendered":"<p>La propuesta de esta semana del Auditorio Pau Casals es vivir, domingo por la ma\u00f1ana, un concierto en clave de humor.<br \/>\n&quot;Commicerto&quot; es un recital, con un repertorio de piezas imprescindibles del mundo l\u00edrico y el piano en clave de humor. Joel D\u00edaz y Adri\u00e0 Mas nos acercar\u00e1n, a trav\u00e9s de la comicidad y una serie de obras, cuidadosamente seleccionadas, en el mundo de los cl\u00e1sicos.<\/p>\n<p>Con un prop\u00f3sito claro de acercar la m\u00fasica a los espectadores m\u00e1s j\u00f3venes y desmitificar el concepto del &quot;recital&quot;, este concierto ofrece calidad musical y una buena dosis de humor.<br \/>\nUn concierto diferente, que puede atraer tanto a los expertos como a los ne\u00f3fitos, en una mezcla perfecta de talento, creatividad y buen humor.<\/p>\n<p>Int\u00e9rpretes:<\/p>\n<p>Joel D\u00edaz, pianista<br \/>\nAdri\u00e0 Mas, actor y cantante<\/p>\n<p>&#8216;COMMICERTO&#8217;<br \/>\nD\u00eda: Domingo 6 de octubre<br \/>\nLugar: Auditorio Pau Casals<br \/>\nHora: 12 h<br \/>\nPrecio: 8 euros<br \/>\nPrecio con descuento: 6 euros<\/p>\n","protected":false},"excerpt":{"rendered":"<p>La propuesta de esta semana del Auditorio Pau Casals es vivir, domingo por la ma\u00f1ana, un concierto en clave de humor. &quot;Commicerto&quot; es un recital, con un repertorio de piezas imprescindibles del mundo l\u00edrico y el piano en clave de humor. Joel D\u00edaz y Adri\u00e0 Mas nos acercar\u00e1n, a trav\u00e9s de la comicidad y una [&hellip;]<\/p>\n","protected":false},"author":1,"featured_media":20039,"comment_status":"open","ping_status":"closed","sticky":false,"template":"","format":"standard","meta":{"_acf_changed":false,"_et_pb_use_builder":"","_et_pb_old_content":"","_et_gb_content_width":"","content-type":"","footnotes":""},"categories":[],"tags":[],"dipi_cpt_category":[],"class_list":["post-25323","post","type-post","status-publish","format-standard","has-post-thumbnail","hentry"],"acf":[],"_links":{"self":[{"href":"https:\/\/www.elvendrellturisme.com\/es\/wp-json\/wp\/v2\/posts\/25323","targetHints":{"allow":["GET"]}}],"collection":[{"href":"https:\/\/www.elvendrellturisme.com\/es\/wp-json\/wp\/v2\/posts"}],"about":[{"href":"https:\/\/www.elvendrellturisme.com\/es\/wp-json\/wp\/v2\/types\/post"}],"author":[{"embeddable":true,"href":"https:\/\/www.elvendrellturisme.com\/es\/wp-json\/wp\/v2\/users\/1"}],"replies":[{"embeddable":true,"href":"https:\/\/www.elvendrellturisme.com\/es\/wp-json\/wp\/v2\/comments?post=25323"}],"version-history":[{"count":0,"href":"https:\/\/www.elvendrellturisme.com\/es\/wp-json\/wp\/v2\/posts\/25323\/revisions"}],"wp:featuredmedia":[{"embeddable":true,"href":"https:\/\/www.elvendrellturisme.com\/es\/wp-json\/wp\/v2\/media\/20039"}],"wp:attachment":[{"href":"https:\/\/www.elvendrellturisme.com\/es\/wp-json\/wp\/v2\/media?parent=25323"}],"wp:term":[{"taxonomy":"category","embeddable":true,"href":"https:\/\/www.elvendrellturisme.com\/es\/wp-json\/wp\/v2\/categories?post=25323"},{"taxonomy":"post_tag","embeddable":true,"href":"https:\/\/www.elvendrellturisme.com\/es\/wp-json\/wp\/v2\/tags?post=25323"},{"taxonomy":"dipi_cpt_category","embeddable":true,"href":"https:\/\/www.elvendrellturisme.com\/es\/wp-json\/wp\/v2\/dipi_cpt_category?post=25323"}],"curies":[{"name":"wp","href":"https:\/\/api.w.org\/{rel}","templated":true}]}}