{"id":25327,"date":"2019-10-10T11:05:31","date_gmt":"2019-10-10T11:05:31","guid":{"rendered":"http:\/\/tv.dms3labs.cat\/fin-de-semana-intenso-en-el-museo-deu\/"},"modified":"2019-10-10T11:05:31","modified_gmt":"2019-10-10T11:05:31","slug":"fin-de-semana-intenso-en-el-museo-deu","status":"publish","type":"post","link":"https:\/\/www.elvendrellturisme.com\/es\/fin-de-semana-intenso-en-el-museo-deu\/","title":{"rendered":"Fin de semana intenso en el Museo Deu"},"content":{"rendered":"<p>Este fin de semana el Vendrell celebra la Feria de Santa Teresa, que coincide este a\u00f1o con las Jornadas Europeas de Patrimonio (JEP). Ser\u00e1 un fin de semana intenso, con actos vinculados con la Feria y con nuestro patrimonio.<\/p>\n<p>La Agencia Catalana del Patrimonio Cultural impulsa las Jornadas Europeas de Patrimonio (JEP), una iniciativa del Consejo de Europa y la Comisi\u00f3n Europea que se celebra ininterrumpidamente en Catalu\u00f1a desde 1991 y que es considerada como la actividad participativa m\u00e1s importante de Europa en relaci\u00f3n al patrimonio cultural.<br \/>\nEl Vendrell se une a los cientos de municipios y entidades de toda Catalu\u00f1a que se suman a esta fiesta mayor de nuestro patrimonio cultural. Para la ocasi\u00f3n, en el Museo Deu tendr\u00e1 lugar una serie de actividades gratuitas abiertas a todo el mundo para dar a conocer la riqueza y atractivo de nuestro patrimonio cultural.<\/p>\n<p>Los actos comienzan el jueves 10 de octubre con un ciclo de charlas en torno a la Feria de Santa Teresa organizadas por el Eina del Ayuntamiento del Vendrell. A las seis de la tarde, Joan M. Colet y Pere Ferrando (estudiosos de la historia local) hablar\u00e1n sobre Los or\u00edgenes de la Feria de Santa Teresa. A las 18.40h. Aida S\u00e1nchez (Universidad Rovira i Virgili) tratar\u00e1 un tema que cada vez despierta m\u00e1s inter\u00e9s: El papel de las mujeres en la Feria de Santa Teresa y por \u00faltimo, a las 19.20h. Pau Batlle (Regi\u00f3n Agroalimentaria del Pened\u00e8s) nos responder\u00e1 a la pregunta \u00bfQu\u00e9 es la Regi\u00f3n Agroalimentaria del Pened\u00e8s?<\/p>\n<p>El viernes 11 de octubre, a las 17.30h. Josep Maria Palet (Instituto Catal\u00e1n De Arqueolog\u00eda Cl\u00e1sica) nos ilustrar\u00e1 con Los caminos hist\u00f3ricos del Vendrell y su relaci\u00f3n con la Feria de Santa Teresa. A las 18.10h en Daniel L\u00f3pez (Arque\u00f3logo-Arqueovitis) centrar\u00e1 su charla en torno al Pasado y presente: la granja de Mas d&#8217;en Gual y la Feria de Santa Teresa. A continuaci\u00f3n, a las 20h. tendr\u00e1 lugar el acto inaugural de la exposici\u00f3n temporal de la artista Carolina Palau. Con el t\u00edtulo de &quot;Letargia&quot; la escultora, pintora, ceramista &#8230; muestra sus \u00faltimos trabajos en la sala s\u00f3tano del Museo Deu.<\/p>\n<p>El s\u00e1bado d\u00eda 12 el Museo Deu abrir\u00e1 sus puertas gratuitamente de 11 a 14h.<\/p>\n<p>El domingo d\u00eda 13 las familias pueden venir a disfrutar de la actividad &quot;EL COLECCIONISTA DE IM\u00c1GENES&quot;. Actividad familiar libre y gratuita donde los ni\u00f1os y ni\u00f1as descubrir\u00e1n el enigma escondido en el Museo Deu. De 11 a 14h tambi\u00e9n se podr\u00e1 visitar el Museo Deu de manera gratuita.<\/p>\n<p>Para m\u00e1s informaci\u00f3n: Museo Deu. Plaza Nova, 6. 977 666 308 \/ museudeu@elvendrell.net<\/p>\n","protected":false},"excerpt":{"rendered":"<p>Este fin de semana el Vendrell celebra la Feria de Santa Teresa, que coincide este a\u00f1o con las Jornadas Europeas de Patrimonio (JEP). Ser\u00e1 un fin de semana intenso, con actos vinculados con la Feria y con nuestro patrimonio. La Agencia Catalana del Patrimonio Cultural impulsa las Jornadas Europeas de Patrimonio (JEP), una iniciativa del [&hellip;]<\/p>\n","protected":false},"author":1,"featured_media":20055,"comment_status":"open","ping_status":"closed","sticky":false,"template":"","format":"standard","meta":{"_acf_changed":false,"_et_pb_use_builder":"","_et_pb_old_content":"","_et_gb_content_width":"","content-type":"","footnotes":""},"categories":[],"tags":[],"dipi_cpt_category":[],"class_list":["post-25327","post","type-post","status-publish","format-standard","has-post-thumbnail","hentry"],"acf":[],"_links":{"self":[{"href":"https:\/\/www.elvendrellturisme.com\/es\/wp-json\/wp\/v2\/posts\/25327","targetHints":{"allow":["GET"]}}],"collection":[{"href":"https:\/\/www.elvendrellturisme.com\/es\/wp-json\/wp\/v2\/posts"}],"about":[{"href":"https:\/\/www.elvendrellturisme.com\/es\/wp-json\/wp\/v2\/types\/post"}],"author":[{"embeddable":true,"href":"https:\/\/www.elvendrellturisme.com\/es\/wp-json\/wp\/v2\/users\/1"}],"replies":[{"embeddable":true,"href":"https:\/\/www.elvendrellturisme.com\/es\/wp-json\/wp\/v2\/comments?post=25327"}],"version-history":[{"count":0,"href":"https:\/\/www.elvendrellturisme.com\/es\/wp-json\/wp\/v2\/posts\/25327\/revisions"}],"wp:featuredmedia":[{"embeddable":true,"href":"https:\/\/www.elvendrellturisme.com\/es\/wp-json\/wp\/v2\/media\/20055"}],"wp:attachment":[{"href":"https:\/\/www.elvendrellturisme.com\/es\/wp-json\/wp\/v2\/media?parent=25327"}],"wp:term":[{"taxonomy":"category","embeddable":true,"href":"https:\/\/www.elvendrellturisme.com\/es\/wp-json\/wp\/v2\/categories?post=25327"},{"taxonomy":"post_tag","embeddable":true,"href":"https:\/\/www.elvendrellturisme.com\/es\/wp-json\/wp\/v2\/tags?post=25327"},{"taxonomy":"dipi_cpt_category","embeddable":true,"href":"https:\/\/www.elvendrellturisme.com\/es\/wp-json\/wp\/v2\/dipi_cpt_category?post=25327"}],"curies":[{"name":"wp","href":"https:\/\/api.w.org\/{rel}","templated":true}]}}