{"id":25330,"date":"2019-10-17T13:35:22","date_gmt":"2019-10-17T13:35:22","guid":{"rendered":"http:\/\/tv.dms3labs.cat\/este-fin-de-semana-la-casa-natal-de-pau-casals-abre-las-puertas\/"},"modified":"2019-10-17T13:35:22","modified_gmt":"2019-10-17T13:35:22","slug":"este-fin-de-semana-la-casa-natal-de-pau-casals-abre-las-puertas","status":"publish","type":"post","link":"https:\/\/www.elvendrellturisme.com\/es\/este-fin-de-semana-la-casa-natal-de-pau-casals-abre-las-puertas\/","title":{"rendered":"Este fin de semana la Casa natal de Pau Casals abre las puertas"},"content":{"rendered":"<p>Martes 22 de octubre har\u00e1 46 a\u00f1os que muri\u00f3 el reconocido m\u00fasico vendrellense Pau Casals. Para conmemorar esta efem\u00e9ride, dentro de los actos que organiza la Asociaci\u00f3n musical Pau Casals en el Mes Pau Casals, la Casa natal del Maestro ofrecer\u00e1 una jornada de puertas abiertas este fin de semana y el pr\u00f3ximo martes.<\/p>\n<p>Todo el que quiera conocer m\u00e1s de cerca los or\u00edgenes del gran violonchelista podr\u00e1 acceder de manera gratuita en la casa que se encuentra en la calle de Santa Anna, n\u00famero 4, el s\u00e1bado 19 de 11 a 14h y de 17 a 20 h, el domingo 20 de 11 ha 14 hy martes 22 de octubre de 10 a 14h y de 17 a 19h.<\/p>\n<p>El edificio acoge la casa donde naci\u00f3 Pau Casals, que a\u00fan conserva el ambiente propio de una vivienda de finales del siglo XIX de una familia muy humilde. Dentro, se podr\u00e1 ver el origen de este personaje tan emblem\u00e1tico y su v\u00ednculo con la ciudad que le vio nacer.<\/p>\n","protected":false},"excerpt":{"rendered":"<p>Martes 22 de octubre har\u00e1 46 a\u00f1os que muri\u00f3 el reconocido m\u00fasico vendrellense Pau Casals. Para conmemorar esta efem\u00e9ride, dentro de los actos que organiza la Asociaci\u00f3n musical Pau Casals en el Mes Pau Casals, la Casa natal del Maestro ofrecer\u00e1 una jornada de puertas abiertas este fin de semana y el pr\u00f3ximo martes. Todo [&hellip;]<\/p>\n","protected":false},"author":1,"featured_media":20067,"comment_status":"open","ping_status":"closed","sticky":false,"template":"","format":"standard","meta":{"_acf_changed":false,"_et_pb_use_builder":"","_et_pb_old_content":"","_et_gb_content_width":"","content-type":"","footnotes":""},"categories":[],"tags":[],"dipi_cpt_category":[],"class_list":["post-25330","post","type-post","status-publish","format-standard","has-post-thumbnail","hentry"],"acf":[],"_links":{"self":[{"href":"https:\/\/www.elvendrellturisme.com\/es\/wp-json\/wp\/v2\/posts\/25330","targetHints":{"allow":["GET"]}}],"collection":[{"href":"https:\/\/www.elvendrellturisme.com\/es\/wp-json\/wp\/v2\/posts"}],"about":[{"href":"https:\/\/www.elvendrellturisme.com\/es\/wp-json\/wp\/v2\/types\/post"}],"author":[{"embeddable":true,"href":"https:\/\/www.elvendrellturisme.com\/es\/wp-json\/wp\/v2\/users\/1"}],"replies":[{"embeddable":true,"href":"https:\/\/www.elvendrellturisme.com\/es\/wp-json\/wp\/v2\/comments?post=25330"}],"version-history":[{"count":0,"href":"https:\/\/www.elvendrellturisme.com\/es\/wp-json\/wp\/v2\/posts\/25330\/revisions"}],"wp:featuredmedia":[{"embeddable":true,"href":"https:\/\/www.elvendrellturisme.com\/es\/wp-json\/wp\/v2\/media\/20067"}],"wp:attachment":[{"href":"https:\/\/www.elvendrellturisme.com\/es\/wp-json\/wp\/v2\/media?parent=25330"}],"wp:term":[{"taxonomy":"category","embeddable":true,"href":"https:\/\/www.elvendrellturisme.com\/es\/wp-json\/wp\/v2\/categories?post=25330"},{"taxonomy":"post_tag","embeddable":true,"href":"https:\/\/www.elvendrellturisme.com\/es\/wp-json\/wp\/v2\/tags?post=25330"},{"taxonomy":"dipi_cpt_category","embeddable":true,"href":"https:\/\/www.elvendrellturisme.com\/es\/wp-json\/wp\/v2\/dipi_cpt_category?post=25330"}],"curies":[{"name":"wp","href":"https:\/\/api.w.org\/{rel}","templated":true}]}}