{"id":25333,"date":"2019-10-24T10:47:00","date_gmt":"2019-10-24T10:47:00","guid":{"rendered":"http:\/\/tv.dms3labs.cat\/la-clausura-de-mes-dedicado-a-pau-casals-el-sabado-en-el-auditorio\/"},"modified":"2019-10-24T10:47:00","modified_gmt":"2019-10-24T10:47:00","slug":"la-clausura-de-mes-dedicado-a-pau-casals-el-sabado-en-el-auditorio","status":"publish","type":"post","link":"https:\/\/www.elvendrellturisme.com\/es\/la-clausura-de-mes-dedicado-a-pau-casals-el-sabado-en-el-auditorio\/","title":{"rendered":"La clausura de mes dedicado a Pau Casals, el s\u00e1bado en el Auditorio"},"content":{"rendered":"<p>El acto de clausura del mes dedicado a Pau Casals tendr\u00e1 lugar este s\u00e1bado en el Auditorio Pau Casals, despu\u00e9s de 4 semanas intensas de actividades culturales vinculadas al m\u00fasico.<\/p>\n<p>&#8216;Di\u00e1logo entre Casals y Bach&#8217; es un concierto del pianista Ricard Rovirosa dedicado a las obras para piano de Pau Casals, enlazando con las piezas del compositor alem\u00e1n Johann Sebastian Bach. La audici\u00f3n presentar\u00e1 composiciones como Ballade (1893), Segundo Preludio Org\u00e1nico (1895) y Sardana Fest\u00edvola (1909).<\/p>\n<p>Ricard Rovirosa, recientemente, ha entregado su tesis doctoral presentada en la Guildhall School of Music and Drama de Londres, en la que ha trabajado las obras del maestro que presentar\u00e1 en el concierto.<\/p>\n<p>int\u00e9rprete:<br \/>\nRicard Rovirosa, pianista<\/p>\n<p>RICARD ROVIROSA y CABR\u00c9:<br \/>\nA los diez a\u00f1os comienza su formaci\u00f3n en la Escolan\u00eda de Montserrat donde estudi\u00f3 piano con Vicente Prun\u00e9s y \u00f3rgano con el Padre Abad Cassi\u00e0 Just. Un a\u00f1o despu\u00e9s fue uno de los ganadores del 13\u00ba Concurso de Piano Ciudad de Berga. En el a\u00f1o 2000, continu\u00f3 sus estudios en la Escuela de M\u00fasica de Barcelona donde estudi\u00f3 con Mar\u00eda Luisa Re\u00f1aga y Albert Attenelle. Seis a\u00f1os m\u00e1s tarde, fue aceptado en la Guildhall School of Music and Drama de Londres con premio de audici\u00f3n. All\u00ed se gradu\u00f3 con matr\u00edcula de honor de la carrera superior de piano y un m\u00e1ster de interpretaci\u00f3n pian\u00edstica de la mano de Joan Havill. Paralelamente, obtuvo matr\u00edcula por su m\u00e1ster de m\u00fasica de c\u00e1mara en la Escuela Reina Sof\u00eda de Madrid.<\/p>\n<p>Ha ganado el 1er Premio en el Concurso Internacional Emanuel Piano Competition y tambi\u00e9n al Oxford Music Festival. En 2011, recibi\u00f3 el Premio de la Cr\u00edtica por su debut en el Palau de la M\u00fasica Catalana. En cuanto a la vertiente camer\u00edstica, fue galardonado con el 1er premio en el Concurso Internacional de M\u00fasica de C\u00e1mara de Vinar\u00f3s como integrante del Duo Satz.<\/p>\n<p>Ha sido becado por la Guildhall School, Escuela Reina Sof\u00eda, Telef\u00f3nica &#8211; O2, Generalidad de Catalu\u00f1a, Ministerio de Cultura, Ibercaja, AIE (Artistas y Int\u00e9rpretes de Espa\u00f1a), MBF (Musicians Benevolent Fund Postgraduate Performance Award) y las fundaciones John Cohen y Vandervell. Sus conciertos en Catalu\u00f1a, Espa\u00f1a, Reino Unido, Francia, Pa\u00edses Bajos, Finlandia y Estados Unidos han recibido una cr\u00edtica excelente. En 2015 finaliz\u00f3 la interpretaci\u00f3n \u00edntegro de las Sonatas de Mozart para piano en seis conciertos en Barcelona. En 2016 fue artista residente en la Pedrera donde colabor\u00f3 \u200b\u200bcon el Piatti Quartet y Octavian Lup. Ese mismo a\u00f1o, finaliz\u00f3 su primera grabaci\u00f3n a los prestigiosos estudios de Abbey Road, Londres, donde interpret\u00f3 &#8216;Nine pieces for Alec&#8217; de Paul Carroll y tambi\u00e9n tuvo el honor de tocar por Su Majestad la Reina Isabel II de Inglaterra con motivo de su 90 aniversario. Ricard ha sido grabado por la BBC, TV3, RTVE, CR, BTV y Classical Planet.<br \/>\nRecientemente ha depositado la tesis doctoral que realiz\u00f3 en la Guildhall School of Music and Drama de Londres bajo la direcci\u00f3n de Joan Havill, Claire Taylor, Adrian Thorne y el P. Jordi-Agust\u00ed Piqu\u00e9, OSB y est\u00e1 haciendo las correcciones fi nales. Durante el pr\u00f3ximo curso grabar\u00e1 el concierto n. 2 para piano y orquesta de Paul Carroll con la Commonwealth Youth Orchestra en Londres.<\/p>\n<p>&#8216;DI\u00c1LOGO ENTRE Casals y BACH&#8217;<br \/>\nD\u00eda: S\u00e1bado 26 de octubre<br \/>\nLugar: Auditorio Pau Casals<br \/>\nHora: 20.30 h<br \/>\nPrecio: 10 euros<br \/>\nPrecio con descuento: 7 euros<br \/>\nEntrada libre para socios del AMPC<\/p>\n","protected":false},"excerpt":{"rendered":"<p>El acto de clausura del mes dedicado a Pau Casals tendr\u00e1 lugar este s\u00e1bado en el Auditorio Pau Casals, despu\u00e9s de 4 semanas intensas de actividades culturales vinculadas al m\u00fasico. &#8216;Di\u00e1logo entre Casals y Bach&#8217; es un concierto del pianista Ricard Rovirosa dedicado a las obras para piano de Pau Casals, enlazando con las piezas [&hellip;]<\/p>\n","protected":false},"author":1,"featured_media":20079,"comment_status":"open","ping_status":"closed","sticky":false,"template":"","format":"standard","meta":{"_acf_changed":false,"_et_pb_use_builder":"","_et_pb_old_content":"","_et_gb_content_width":"","content-type":"","footnotes":""},"categories":[],"tags":[],"dipi_cpt_category":[],"class_list":["post-25333","post","type-post","status-publish","format-standard","has-post-thumbnail","hentry"],"acf":[],"_links":{"self":[{"href":"https:\/\/www.elvendrellturisme.com\/es\/wp-json\/wp\/v2\/posts\/25333","targetHints":{"allow":["GET"]}}],"collection":[{"href":"https:\/\/www.elvendrellturisme.com\/es\/wp-json\/wp\/v2\/posts"}],"about":[{"href":"https:\/\/www.elvendrellturisme.com\/es\/wp-json\/wp\/v2\/types\/post"}],"author":[{"embeddable":true,"href":"https:\/\/www.elvendrellturisme.com\/es\/wp-json\/wp\/v2\/users\/1"}],"replies":[{"embeddable":true,"href":"https:\/\/www.elvendrellturisme.com\/es\/wp-json\/wp\/v2\/comments?post=25333"}],"version-history":[{"count":0,"href":"https:\/\/www.elvendrellturisme.com\/es\/wp-json\/wp\/v2\/posts\/25333\/revisions"}],"wp:featuredmedia":[{"embeddable":true,"href":"https:\/\/www.elvendrellturisme.com\/es\/wp-json\/wp\/v2\/media\/20079"}],"wp:attachment":[{"href":"https:\/\/www.elvendrellturisme.com\/es\/wp-json\/wp\/v2\/media?parent=25333"}],"wp:term":[{"taxonomy":"category","embeddable":true,"href":"https:\/\/www.elvendrellturisme.com\/es\/wp-json\/wp\/v2\/categories?post=25333"},{"taxonomy":"post_tag","embeddable":true,"href":"https:\/\/www.elvendrellturisme.com\/es\/wp-json\/wp\/v2\/tags?post=25333"},{"taxonomy":"dipi_cpt_category","embeddable":true,"href":"https:\/\/www.elvendrellturisme.com\/es\/wp-json\/wp\/v2\/dipi_cpt_category?post=25333"}],"curies":[{"name":"wp","href":"https:\/\/api.w.org\/{rel}","templated":true}]}}