{"id":25334,"date":"2019-10-25T13:12:25","date_gmt":"2019-10-25T13:12:25","guid":{"rendered":"http:\/\/tv.dms3labs.cat\/cambio-de-ubicacion-del-mercadillo-de-el-vendrell-a-partir-del-8-de-noviembre-con-motivo-de-las-obras-en-c-dr-robert\/"},"modified":"2019-10-25T13:12:25","modified_gmt":"2019-10-25T13:12:25","slug":"cambio-de-ubicacion-del-mercadillo-de-el-vendrell-a-partir-del-8-de-noviembre-con-motivo-de-las-obras-en-c-dr-robert","status":"publish","type":"post","link":"https:\/\/www.elvendrellturisme.com\/es\/cambio-de-ubicacion-del-mercadillo-de-el-vendrell-a-partir-del-8-de-noviembre-con-motivo-de-las-obras-en-c-dr-robert\/","title":{"rendered":"Cambio de ubicaci\u00f3n del mercadillo de El Vendrell a partir del 8 de noviembre con motivo de las obras en C \/ Dr. Robert"},"content":{"rendered":"<p>Los viernes 25 de octubre y 1 de noviembre, el mercado ambulante del Vendrell todav\u00eda se mantendr\u00e1 en la Rambla.<\/p>\n<p>Ayer por la tarde se mantuvo una reuni\u00f3n con los comerciantes con los que se acord\u00f3 que, mientras las obras de la C \/ Dr. Robert no permitan poner las paradas en la Rambla, a partir del viernes 8 de noviembre el mercado ambulante se ubicar\u00e1 en el lateral de la Riera de la Bisbal.<\/p>\n<p>Tan pronto como las obras de la c \/ Dr. Robert lo permitan, las paradas volver\u00e1n a la Rambla.<\/p>\n<p>Por otra parte, tambi\u00e9n se lleg\u00f3 al acuerdo de que el lateral de la Riera de la Bisbal se mantendr\u00e1 como ubicaci\u00f3n alternativa cuando el mercadillo no se pueda hacer en la Rambla.<\/p>\n","protected":false},"excerpt":{"rendered":"<p>Los viernes 25 de octubre y 1 de noviembre, el mercado ambulante del Vendrell todav\u00eda se mantendr\u00e1 en la Rambla. Ayer por la tarde se mantuvo una reuni\u00f3n con los comerciantes con los que se acord\u00f3 que, mientras las obras de la C \/ Dr. Robert no permitan poner las paradas en la Rambla, a [&hellip;]<\/p>\n","protected":false},"author":1,"featured_media":20083,"comment_status":"open","ping_status":"closed","sticky":false,"template":"","format":"standard","meta":{"_acf_changed":false,"_et_pb_use_builder":"","_et_pb_old_content":"","_et_gb_content_width":"","content-type":"","footnotes":""},"categories":[],"tags":[],"dipi_cpt_category":[],"class_list":["post-25334","post","type-post","status-publish","format-standard","has-post-thumbnail","hentry"],"acf":[],"_links":{"self":[{"href":"https:\/\/www.elvendrellturisme.com\/es\/wp-json\/wp\/v2\/posts\/25334","targetHints":{"allow":["GET"]}}],"collection":[{"href":"https:\/\/www.elvendrellturisme.com\/es\/wp-json\/wp\/v2\/posts"}],"about":[{"href":"https:\/\/www.elvendrellturisme.com\/es\/wp-json\/wp\/v2\/types\/post"}],"author":[{"embeddable":true,"href":"https:\/\/www.elvendrellturisme.com\/es\/wp-json\/wp\/v2\/users\/1"}],"replies":[{"embeddable":true,"href":"https:\/\/www.elvendrellturisme.com\/es\/wp-json\/wp\/v2\/comments?post=25334"}],"version-history":[{"count":0,"href":"https:\/\/www.elvendrellturisme.com\/es\/wp-json\/wp\/v2\/posts\/25334\/revisions"}],"wp:featuredmedia":[{"embeddable":true,"href":"https:\/\/www.elvendrellturisme.com\/es\/wp-json\/wp\/v2\/media\/20083"}],"wp:attachment":[{"href":"https:\/\/www.elvendrellturisme.com\/es\/wp-json\/wp\/v2\/media?parent=25334"}],"wp:term":[{"taxonomy":"category","embeddable":true,"href":"https:\/\/www.elvendrellturisme.com\/es\/wp-json\/wp\/v2\/categories?post=25334"},{"taxonomy":"post_tag","embeddable":true,"href":"https:\/\/www.elvendrellturisme.com\/es\/wp-json\/wp\/v2\/tags?post=25334"},{"taxonomy":"dipi_cpt_category","embeddable":true,"href":"https:\/\/www.elvendrellturisme.com\/es\/wp-json\/wp\/v2\/dipi_cpt_category?post=25334"}],"curies":[{"name":"wp","href":"https:\/\/api.w.org\/{rel}","templated":true}]}}