{"id":25336,"date":"2019-10-31T12:08:38","date_gmt":"2019-10-31T12:08:38","guid":{"rendered":"http:\/\/tv.dms3labs.cat\/un-juzgado-de-paris-ordena-devolver-a-la-fundacion-apel%c2%b7les-fenosa-dos-grandes-esculturas-robadas-en-1986\/"},"modified":"2019-10-31T12:08:38","modified_gmt":"2019-10-31T12:08:38","slug":"un-juzgado-de-paris-ordena-devolver-a-la-fundacion-apel%c2%b7les-fenosa-dos-grandes-esculturas-robadas-en-1986","status":"publish","type":"post","link":"https:\/\/www.elvendrellturisme.com\/es\/un-juzgado-de-paris-ordena-devolver-a-la-fundacion-apel%c2%b7les-fenosa-dos-grandes-esculturas-robadas-en-1986\/","title":{"rendered":"Un juzgado de Par\u00eds ordena devolver a la Fundaci\u00f3n Apel\u00b7les Fenosa dos grandes esculturas robadas en 1986"},"content":{"rendered":"<p>La madrugada del 29 de enero de 1986, cuando el matrimonio Fenosa estaba en Par\u00eds, una fuerte tormenta cay\u00f3 sobre El Vendrell. Unos ladrones accedieron a la Casa del Portal del Pardo y, sin aparente violencia, robaron dos grandes esculturas que estaban en el desv\u00e1n de las arcadas renacentistas del edificio. Una tarea compleja dado el peso de los bronces, y la aparente falta de vandalismo en las puertas de hierro forjado. Las obras eran &quot;Relieve de San Jorge&quot; y &quot;Saint Georges et le petit Dragon&quot;.<\/p>\n<p>Nicole Fenosa volvi\u00f3 de inmediato al Vendrell y denunci\u00f3 los hechos. Cuando a\u00f1os m\u00e1s tarde confeccion\u00f3 el cat\u00e1logo razonado, indic\u00f3 que estas dos obras hab\u00edan sido robadas.<\/p>\n<p>El oto\u00f1o del a\u00f1o 2013 el &quot;Relieve de San Jorge&quot; sale a subasta en una sala de Par\u00eds. El director de la Fundaci\u00f3n Apel\u00b7les Fenosa verifica que la tirada subastado corresponde a la obra robada y reclama que sea retirada. La sala no accede a la reclamaci\u00f3n y entonces se denuncian los hechos a la Brigada de Patrimonio de los Mossos d&#8217;Esquadra que, en contacto con la polic\u00eda francesa, retienen las dos esculturas.<\/p>\n<p>Se inician investigaciones y hace dos a\u00f1os la polic\u00eda francesa descubre las personas responsables de los hechos. El Tribunal de Grande Instance de Par\u00eds pide a la Fundaci\u00f3n Apel\u00b7les Fenosa si se quiere incorporar al caso como partida civil afectada, lo que se formaliza este a\u00f1o 2019, reclamando la restituci\u00f3n de las obras a la Fundaci\u00f3n, como herederos universales de &#8216;Apel\u00b7les Fenosa.<br \/>\nFinalmente, gracias a las gestiones realizadas por la abogada Yolanda Bassas del despacho BASSAS &#038; Clemenceau y por penalista Rodolphe Bossel, el 8 de octubre el juez orden\u00f3 la restituci\u00f3n de las obras robadas en la Fundaci\u00f3n Apel\u00b7les Fenosa, que en los pr\u00f3ximos d\u00edas proceder\u00e1 a su recogida, a la espera de llevarlas al museo de el Vendrell.<\/p>\n<p>obras:<\/p>\n<p>RELEVO DE SAN JORGE<br \/>\nBronce, 140 x 100 x 18 cm.<br \/>\nFue creado en 1977 para instalar uno de los cinco tiradas existentes en la fachada del Centro de Estudios Catalanes de Par\u00eds. Otro tirada fue adquirido por la Diputaci\u00f3n de Barcelona, \u200b\u200bque cuelga de la sede central de la Rambla de Catalu\u00f1a de Barcelona.<\/p>\n<p>SAINT-GEORGES ET LE PETIT DRAGON<br \/>\nBronce 70 x 50 x 92 cm.<br \/>\nFue hecha en Par\u00eds para Fenosa en 1973<\/p>\n","protected":false},"excerpt":{"rendered":"<p>La madrugada del 29 de enero de 1986, cuando el matrimonio Fenosa estaba en Par\u00eds, una fuerte tormenta cay\u00f3 sobre El Vendrell. Unos ladrones accedieron a la Casa del Portal del Pardo y, sin aparente violencia, robaron dos grandes esculturas que estaban en el desv\u00e1n de las arcadas renacentistas del edificio. Una tarea compleja dado [&hellip;]<\/p>\n","protected":false},"author":1,"featured_media":20091,"comment_status":"open","ping_status":"closed","sticky":false,"template":"","format":"standard","meta":{"_acf_changed":false,"_et_pb_use_builder":"","_et_pb_old_content":"","_et_gb_content_width":"","content-type":"","footnotes":""},"categories":[],"tags":[],"dipi_cpt_category":[],"class_list":["post-25336","post","type-post","status-publish","format-standard","has-post-thumbnail","hentry"],"acf":[],"_links":{"self":[{"href":"https:\/\/www.elvendrellturisme.com\/es\/wp-json\/wp\/v2\/posts\/25336","targetHints":{"allow":["GET"]}}],"collection":[{"href":"https:\/\/www.elvendrellturisme.com\/es\/wp-json\/wp\/v2\/posts"}],"about":[{"href":"https:\/\/www.elvendrellturisme.com\/es\/wp-json\/wp\/v2\/types\/post"}],"author":[{"embeddable":true,"href":"https:\/\/www.elvendrellturisme.com\/es\/wp-json\/wp\/v2\/users\/1"}],"replies":[{"embeddable":true,"href":"https:\/\/www.elvendrellturisme.com\/es\/wp-json\/wp\/v2\/comments?post=25336"}],"version-history":[{"count":0,"href":"https:\/\/www.elvendrellturisme.com\/es\/wp-json\/wp\/v2\/posts\/25336\/revisions"}],"wp:featuredmedia":[{"embeddable":true,"href":"https:\/\/www.elvendrellturisme.com\/es\/wp-json\/wp\/v2\/media\/20091"}],"wp:attachment":[{"href":"https:\/\/www.elvendrellturisme.com\/es\/wp-json\/wp\/v2\/media?parent=25336"}],"wp:term":[{"taxonomy":"category","embeddable":true,"href":"https:\/\/www.elvendrellturisme.com\/es\/wp-json\/wp\/v2\/categories?post=25336"},{"taxonomy":"post_tag","embeddable":true,"href":"https:\/\/www.elvendrellturisme.com\/es\/wp-json\/wp\/v2\/tags?post=25336"},{"taxonomy":"dipi_cpt_category","embeddable":true,"href":"https:\/\/www.elvendrellturisme.com\/es\/wp-json\/wp\/v2\/dipi_cpt_category?post=25336"}],"curies":[{"name":"wp","href":"https:\/\/api.w.org\/{rel}","templated":true}]}}