{"id":25340,"date":"2019-11-12T09:56:09","date_gmt":"2019-11-12T09:56:09","guid":{"rendered":"http:\/\/tv.dms3labs.cat\/la-aclamadisima-la-tendresa-el-sabado-en-el-tag\/"},"modified":"2019-11-12T09:56:09","modified_gmt":"2019-11-12T09:56:09","slug":"la-aclamadisima-la-tendresa-el-sabado-en-el-tag","status":"publish","type":"post","link":"https:\/\/www.elvendrellturisme.com\/es\/la-aclamadisima-la-tendresa-el-sabado-en-el-tag\/","title":{"rendered":"La aclamad\u00edsima &#8216;La tendresa&#8217;, el s\u00e1bado en el TAG"},"content":{"rendered":"<p>Este s\u00e1bado llega al Teatro \u00c0ngel Guimer\u00e0 una obra de teatro muy esperada, y que desde el principio tuvo mucha demanda. T de Teatre y Dagoll Dagom coproducen la versi\u00f3n catalana de la aclamad\u00edsima comedia de Alfredo Sanzol &#8216;La tendresa&#8217;. Sanzol ha sido galardonado con el Premio Nacional de Literatura Dram\u00e1tica 2017 y el XII Premio Valle-Incl\u00e1n de Teatro por esta misma obra.<br \/>\nEl autor se ha inspirado en el universo de las comedias de Shakespeare para dirigir una ingeniosa comedia rom\u00e1ntica que nos habla de la imposibilidad de protegernos del mal que nos puede hacer el amor. Si queremos estimar debemos arriesgarnos a sufrir.<\/p>\n<p>&quot;La Tendresa&quot; narra la historia de una reina un poco maga y sus dos hijas, que viajan en la Armada Invencible, obligadas por Felipe II a casarse en matrimonios de conveniencia con nobles ingleses despu\u00e9s de haber invadido Inglaterra.<\/p>\n<p>La reina Maragda odia los hombres porque siempre le han condicionado la vida y le han robado libertad, as\u00ed que no est\u00e1 dispuesta a permitir que sus hijas tengan el mismo destino que ella. Cuando la Armada pasa cerca de una isla que la reina considera desierta, provoca una gran tormenta que hunde el barco donde viajan. Su plan es quedarse a vivir en esta isla con sus hijas para no tener que volver a ver nunca m\u00e1s ning\u00fan hombre.<\/p>\n<p>El problema es que eligen una isla donde desde hace veinte a\u00f1os vive un le\u00f1ador con sus dos hijos, que se escondieron para no volver a ver a una mujer en su vida. Cuando la reina y las dos princesas descubren que no est\u00e1n solas, se visten de hombres para protegerse. Y aqu\u00ed empiezan las aventuras, los enredos, los enamoramientos y las confusiones.<\/p>\n<p>Para comprar las entradas, hay que dirigirse a la web www.temporada.cat, o bien a la concejal\u00eda de Cultura (La Rambla, 24).<\/p>\n<p>Autor y director: Alfredo Sanzol<br \/>\nInt\u00e9rpretes: Laura Aubert, Elisabet Casanovas, Javier Beltr\u00e1n, Marta P\u00e9rez, Jordi Rico y Ferran Vilajosana<br \/>\nProducci\u00f3n: Dagoll Dagom y T de Teatre<\/p>\n<p>D\u00eda: S\u00e1bado 16 de noviembre<br \/>\nLugar: Teatro \u00c0ngel Guimer\u00e0<br \/>\nHora: 20.30 h<br \/>\nDuraci\u00f3n aproximada: 1 hora y 50 minutos<br \/>\nPrecio: 25 euros<br \/>\nPrecio con descuento: 20 euros<\/p>\n","protected":false},"excerpt":{"rendered":"<p>Este s\u00e1bado llega al Teatro \u00c0ngel Guimer\u00e0 una obra de teatro muy esperada, y que desde el principio tuvo mucha demanda. T de Teatre y Dagoll Dagom coproducen la versi\u00f3n catalana de la aclamad\u00edsima comedia de Alfredo Sanzol &#8216;La tendresa&#8217;. Sanzol ha sido galardonado con el Premio Nacional de Literatura Dram\u00e1tica 2017 y el XII [&hellip;]<\/p>\n","protected":false},"author":1,"featured_media":20107,"comment_status":"open","ping_status":"closed","sticky":false,"template":"","format":"standard","meta":{"_acf_changed":false,"_et_pb_use_builder":"","_et_pb_old_content":"","_et_gb_content_width":"","content-type":"","footnotes":""},"categories":[],"tags":[],"dipi_cpt_category":[],"class_list":["post-25340","post","type-post","status-publish","format-standard","has-post-thumbnail","hentry"],"acf":[],"_links":{"self":[{"href":"https:\/\/www.elvendrellturisme.com\/es\/wp-json\/wp\/v2\/posts\/25340","targetHints":{"allow":["GET"]}}],"collection":[{"href":"https:\/\/www.elvendrellturisme.com\/es\/wp-json\/wp\/v2\/posts"}],"about":[{"href":"https:\/\/www.elvendrellturisme.com\/es\/wp-json\/wp\/v2\/types\/post"}],"author":[{"embeddable":true,"href":"https:\/\/www.elvendrellturisme.com\/es\/wp-json\/wp\/v2\/users\/1"}],"replies":[{"embeddable":true,"href":"https:\/\/www.elvendrellturisme.com\/es\/wp-json\/wp\/v2\/comments?post=25340"}],"version-history":[{"count":0,"href":"https:\/\/www.elvendrellturisme.com\/es\/wp-json\/wp\/v2\/posts\/25340\/revisions"}],"wp:featuredmedia":[{"embeddable":true,"href":"https:\/\/www.elvendrellturisme.com\/es\/wp-json\/wp\/v2\/media\/20107"}],"wp:attachment":[{"href":"https:\/\/www.elvendrellturisme.com\/es\/wp-json\/wp\/v2\/media?parent=25340"}],"wp:term":[{"taxonomy":"category","embeddable":true,"href":"https:\/\/www.elvendrellturisme.com\/es\/wp-json\/wp\/v2\/categories?post=25340"},{"taxonomy":"post_tag","embeddable":true,"href":"https:\/\/www.elvendrellturisme.com\/es\/wp-json\/wp\/v2\/tags?post=25340"},{"taxonomy":"dipi_cpt_category","embeddable":true,"href":"https:\/\/www.elvendrellturisme.com\/es\/wp-json\/wp\/v2\/dipi_cpt_category?post=25340"}],"curies":[{"name":"wp","href":"https:\/\/api.w.org\/{rel}","templated":true}]}}