{"id":25342,"date":"2019-11-15T11:41:44","date_gmt":"2019-11-15T11:41:44","guid":{"rendered":"http:\/\/tv.dms3labs.cat\/aprobacion-inicial-del-proyecto-feder-de-reordenacion-y-mejora-del-espacio-urbano-del-centro-de-coma-ruga\/"},"modified":"2019-11-15T11:41:44","modified_gmt":"2019-11-15T11:41:44","slug":"aprobacion-inicial-del-proyecto-feder-de-reordenacion-y-mejora-del-espacio-urbano-del-centro-de-coma-ruga","status":"publish","type":"post","link":"https:\/\/www.elvendrellturisme.com\/es\/aprobacion-inicial-del-proyecto-feder-de-reordenacion-y-mejora-del-espacio-urbano-del-centro-de-coma-ruga\/","title":{"rendered":"Aprobaci\u00f3n inicial del proyecto Feder de reordenaci\u00f3n y mejora del espacio urbano del centro de Coma-ruga"},"content":{"rendered":"<p>La Junta de Gobierno Local del 11 de noviembre de 2019 acord\u00f3 la aprobaci\u00f3n inicial del proyecto constructivo de las obras de reordenaci\u00f3n y mejora del espacio urbano del centro de Comarruga redactado por SBS SIMON I BLANCO, SLP, por un importe de ejecuci\u00f3n por contrato de 1.046.264.86 euros, IVA excluido, as\u00ed como el estudio de seguridad y salud de estos trabajos, redactado por TENGI CONSULTOR\u00cdA T\u00c9CNICA, SL<\/p>\n<p>El proyecto prev\u00e9 la reordenaci\u00f3n y mejora del espacio urbano de Comarruga comprendido por un tramo de la calle de Antoni Gaud\u00ed, la plaza Germans Trillas, parte de las aceras de las calles Arc de Bar\u00e0 y avenida del Balneari, as\u00ed como el entorno inmediato del edificio Tabaris, en el espacio destinado por el planeamiento a sistema de equipamientos y dotaciones p\u00fablicas, con la renovaci\u00f3n total de los pavimentos, de algunos servicios urbanos, del ajardinamiento, la se\u00f1alizaci\u00f3n y el mobiliario urbano.<\/p>\n","protected":false},"excerpt":{"rendered":"<p>La Junta de Gobierno Local del 11 de noviembre de 2019 acord\u00f3 la aprobaci\u00f3n inicial del proyecto constructivo de las obras de reordenaci\u00f3n y mejora del espacio urbano del centro de Comarruga redactado por SBS SIMON I BLANCO, SLP, por un importe de ejecuci\u00f3n por contrato de 1.046.264.86 euros, IVA excluido, as\u00ed como el estudio [&hellip;]<\/p>\n","protected":false},"author":1,"featured_media":20115,"comment_status":"open","ping_status":"closed","sticky":false,"template":"","format":"standard","meta":{"_acf_changed":false,"_et_pb_use_builder":"","_et_pb_old_content":"","_et_gb_content_width":"","content-type":"","footnotes":""},"categories":[],"tags":[],"dipi_cpt_category":[],"class_list":["post-25342","post","type-post","status-publish","format-standard","has-post-thumbnail","hentry"],"acf":[],"_links":{"self":[{"href":"https:\/\/www.elvendrellturisme.com\/es\/wp-json\/wp\/v2\/posts\/25342","targetHints":{"allow":["GET"]}}],"collection":[{"href":"https:\/\/www.elvendrellturisme.com\/es\/wp-json\/wp\/v2\/posts"}],"about":[{"href":"https:\/\/www.elvendrellturisme.com\/es\/wp-json\/wp\/v2\/types\/post"}],"author":[{"embeddable":true,"href":"https:\/\/www.elvendrellturisme.com\/es\/wp-json\/wp\/v2\/users\/1"}],"replies":[{"embeddable":true,"href":"https:\/\/www.elvendrellturisme.com\/es\/wp-json\/wp\/v2\/comments?post=25342"}],"version-history":[{"count":0,"href":"https:\/\/www.elvendrellturisme.com\/es\/wp-json\/wp\/v2\/posts\/25342\/revisions"}],"wp:featuredmedia":[{"embeddable":true,"href":"https:\/\/www.elvendrellturisme.com\/es\/wp-json\/wp\/v2\/media\/20115"}],"wp:attachment":[{"href":"https:\/\/www.elvendrellturisme.com\/es\/wp-json\/wp\/v2\/media?parent=25342"}],"wp:term":[{"taxonomy":"category","embeddable":true,"href":"https:\/\/www.elvendrellturisme.com\/es\/wp-json\/wp\/v2\/categories?post=25342"},{"taxonomy":"post_tag","embeddable":true,"href":"https:\/\/www.elvendrellturisme.com\/es\/wp-json\/wp\/v2\/tags?post=25342"},{"taxonomy":"dipi_cpt_category","embeddable":true,"href":"https:\/\/www.elvendrellturisme.com\/es\/wp-json\/wp\/v2\/dipi_cpt_category?post=25342"}],"curies":[{"name":"wp","href":"https:\/\/api.w.org\/{rel}","templated":true}]}}