{"id":25345,"date":"2019-11-19T13:50:04","date_gmt":"2019-11-19T13:50:04","guid":{"rendered":"http:\/\/tv.dms3labs.cat\/este-viernes-vuelve-el-off-temporada-con-els-dies-mentits\/"},"modified":"2019-11-19T13:50:04","modified_gmt":"2019-11-19T13:50:04","slug":"este-viernes-vuelve-el-off-temporada-con-els-dies-mentits","status":"publish","type":"post","link":"https:\/\/www.elvendrellturisme.com\/es\/este-viernes-vuelve-el-off-temporada-con-els-dies-mentits\/","title":{"rendered":"Este viernes vuelve el Off Temporada, con &#8216;Els dies mentits&#8217;"},"content":{"rendered":"<p>El a\u00f1o pasado el Temporada estren\u00f3 un nuevo proyecto, el Off Temporada. Espect\u00e1culos de peque\u00f1o formato, donde p\u00fablico y actores comparten escenario en el Teatro \u00c0ngel Guimer\u00e0, con un aforo limitado y reducido.<\/p>\n<p>Para este viernes 22 de noviembre el Off Temporada ha programado una obra teatral producida por la compa\u00f1\u00eda de la Sala Flyhard, una sala que naci\u00f3 como un espacio donde se programaban las obras de la Compa\u00f1\u00eda Flyhard, un espacio donde una obra pod\u00eda estar en cartel sin fecha de salida, con un equipo de actores m\u00e1s o menos fijo, un dramaturgo y director de cabecera, etc. La actividad de Flyhard ha ido transformando de compa\u00f1\u00eda productora en los \u00faltimos a\u00f1os, manteniendo la implicaci\u00f3n como productora en todas las obras que se programan, pero ha abierto la puerta a muchos creadores (y los equipos art\u00edsticos con que han contado, desde actores hasta escen\u00f3grafos) que, dentro de la l\u00ednea marcada y reconocible que tiene la Flyhard, han enriquecido enormemente la sala como creadora de contenidos.<\/p>\n<p>&#8216;Els dies mentits&#8217; tiene como protagonista a una mujer que ha vivido con su mentira durante 15 a\u00f1os. Una mujer que ha intentado ordenarla meticulosamente, d\u00eda tras d\u00eda, en un calendario. Una mujer que ha intentado que esta mentira nunca salga a su mundo real. Una mujer que no tiene orgasmos. Una mujer liberada que sabe poco de su sexualidad y de su placer, pero que muestra a la sociedad todo lo contrario. Una mujer que se sincerar\u00e1 por primera vez delante de todos.<\/p>\n<p>&#8216;Els dies mentits&#8217; es un calendario de todas aquellas mentiras que hay en el mundo del sexo, las que nos decimos a nosotros mismos, las que nos dicen los dem\u00e1s y las que acabamos diciendo para sentirnos integrados dentro de una sociedad sexualizada. Unas mentiras que hacen nuestra vida m\u00e1s bonita y placentera, pero que, al mismo tiempo, pueden ser c\u00f3micas, absurdas y desgarradoras.<br \/>\nLa peculiaridad de este nuevo proyecto es que tiene un formato \u00edntimo, muy directo con los actores, y por ello es muy importante la compra previa de entradas, ya que el aforo es muy limitado. Para hacerlo, hay que dirigirse a la web www.temporada.cat, o bien a la concejal\u00eda de Cultura (La Rambla, 24).<\/p>\n<p>&#8216;Els dies mentits&#8217;<\/p>\n<p>Autora y directora: Marta Aran<br \/>\nInt\u00e9rprete: Lara Salvador<br \/>\nProducci\u00f3n: Sala Flyhard<\/p>\n<p>D\u00eda: Viernes 22 de noviembre<br \/>\nLugar: Teatro \u00c0ngel Guimer\u00e0<br \/>\nHora: 20.30 h<br \/>\nDuraci\u00f3n aproximada: 1 hora y 15 minutos<br \/>\nPrecio: 10 euros<br \/>\nPrecio con descuento: 7 euros<\/p>\n","protected":false},"excerpt":{"rendered":"<p>El a\u00f1o pasado el Temporada estren\u00f3 un nuevo proyecto, el Off Temporada. Espect\u00e1culos de peque\u00f1o formato, donde p\u00fablico y actores comparten escenario en el Teatro \u00c0ngel Guimer\u00e0, con un aforo limitado y reducido. Para este viernes 22 de noviembre el Off Temporada ha programado una obra teatral producida por la compa\u00f1\u00eda de la Sala Flyhard, [&hellip;]<\/p>\n","protected":false},"author":1,"featured_media":20127,"comment_status":"open","ping_status":"closed","sticky":false,"template":"","format":"standard","meta":{"_acf_changed":false,"_et_pb_use_builder":"","_et_pb_old_content":"","_et_gb_content_width":"","content-type":"","footnotes":""},"categories":[],"tags":[],"dipi_cpt_category":[],"class_list":["post-25345","post","type-post","status-publish","format-standard","has-post-thumbnail","hentry"],"acf":[],"_links":{"self":[{"href":"https:\/\/www.elvendrellturisme.com\/es\/wp-json\/wp\/v2\/posts\/25345","targetHints":{"allow":["GET"]}}],"collection":[{"href":"https:\/\/www.elvendrellturisme.com\/es\/wp-json\/wp\/v2\/posts"}],"about":[{"href":"https:\/\/www.elvendrellturisme.com\/es\/wp-json\/wp\/v2\/types\/post"}],"author":[{"embeddable":true,"href":"https:\/\/www.elvendrellturisme.com\/es\/wp-json\/wp\/v2\/users\/1"}],"replies":[{"embeddable":true,"href":"https:\/\/www.elvendrellturisme.com\/es\/wp-json\/wp\/v2\/comments?post=25345"}],"version-history":[{"count":0,"href":"https:\/\/www.elvendrellturisme.com\/es\/wp-json\/wp\/v2\/posts\/25345\/revisions"}],"wp:featuredmedia":[{"embeddable":true,"href":"https:\/\/www.elvendrellturisme.com\/es\/wp-json\/wp\/v2\/media\/20127"}],"wp:attachment":[{"href":"https:\/\/www.elvendrellturisme.com\/es\/wp-json\/wp\/v2\/media?parent=25345"}],"wp:term":[{"taxonomy":"category","embeddable":true,"href":"https:\/\/www.elvendrellturisme.com\/es\/wp-json\/wp\/v2\/categories?post=25345"},{"taxonomy":"post_tag","embeddable":true,"href":"https:\/\/www.elvendrellturisme.com\/es\/wp-json\/wp\/v2\/tags?post=25345"},{"taxonomy":"dipi_cpt_category","embeddable":true,"href":"https:\/\/www.elvendrellturisme.com\/es\/wp-json\/wp\/v2\/dipi_cpt_category?post=25345"}],"curies":[{"name":"wp","href":"https:\/\/api.w.org\/{rel}","templated":true}]}}