{"id":25349,"date":"2019-12-02T12:51:14","date_gmt":"2019-12-02T12:51:14","guid":{"rendered":"http:\/\/tv.dms3labs.cat\/photocall-navideno-para-la-inclusion-en-el-museo-deu\/"},"modified":"2019-12-02T12:51:14","modified_gmt":"2019-12-02T12:51:14","slug":"photocall-navideno-para-la-inclusion-en-el-museo-deu","status":"publish","type":"post","link":"https:\/\/www.elvendrellturisme.com\/es\/photocall-navideno-para-la-inclusion-en-el-museo-deu\/","title":{"rendered":"Photocall navide\u00f1o para la inclusi\u00f3n en el Museo Deu"},"content":{"rendered":"<p>El grupo art\u00edstico de la Fundaci\u00f3n privada Santa Teresa del Vendrell ha realizado este a\u00f1o la decoraci\u00f3n navide\u00f1a del Museo Deu: se trata de un trineo donde los ni\u00f1os y ni\u00f1as podr\u00e1n hacerse una foto a partir del d\u00eda 4 de diciembre y hasta la noche de Reyes.<\/p>\n<p>El d\u00eda 4 de diciembre, a las 17.30h, se har\u00e1 el encendido de las luces del trineo conducido por un reno. Con este acto, el Museo Deu reivindica el papel de los museos como promotores de riqueza cultural para todos, dando importancia al papel social e inclusivo que actualmente tienen los museos.<\/p>\n","protected":false},"excerpt":{"rendered":"<p>El grupo art\u00edstico de la Fundaci\u00f3n privada Santa Teresa del Vendrell ha realizado este a\u00f1o la decoraci\u00f3n navide\u00f1a del Museo Deu: se trata de un trineo donde los ni\u00f1os y ni\u00f1as podr\u00e1n hacerse una foto a partir del d\u00eda 4 de diciembre y hasta la noche de Reyes. El d\u00eda 4 de diciembre, a las [&hellip;]<\/p>\n","protected":false},"author":1,"featured_media":20143,"comment_status":"open","ping_status":"closed","sticky":false,"template":"","format":"standard","meta":{"_acf_changed":false,"_et_pb_use_builder":"","_et_pb_old_content":"","_et_gb_content_width":"","content-type":"","footnotes":""},"categories":[],"tags":[],"dipi_cpt_category":[],"class_list":["post-25349","post","type-post","status-publish","format-standard","has-post-thumbnail","hentry"],"acf":[],"_links":{"self":[{"href":"https:\/\/www.elvendrellturisme.com\/es\/wp-json\/wp\/v2\/posts\/25349","targetHints":{"allow":["GET"]}}],"collection":[{"href":"https:\/\/www.elvendrellturisme.com\/es\/wp-json\/wp\/v2\/posts"}],"about":[{"href":"https:\/\/www.elvendrellturisme.com\/es\/wp-json\/wp\/v2\/types\/post"}],"author":[{"embeddable":true,"href":"https:\/\/www.elvendrellturisme.com\/es\/wp-json\/wp\/v2\/users\/1"}],"replies":[{"embeddable":true,"href":"https:\/\/www.elvendrellturisme.com\/es\/wp-json\/wp\/v2\/comments?post=25349"}],"version-history":[{"count":0,"href":"https:\/\/www.elvendrellturisme.com\/es\/wp-json\/wp\/v2\/posts\/25349\/revisions"}],"wp:featuredmedia":[{"embeddable":true,"href":"https:\/\/www.elvendrellturisme.com\/es\/wp-json\/wp\/v2\/media\/20143"}],"wp:attachment":[{"href":"https:\/\/www.elvendrellturisme.com\/es\/wp-json\/wp\/v2\/media?parent=25349"}],"wp:term":[{"taxonomy":"category","embeddable":true,"href":"https:\/\/www.elvendrellturisme.com\/es\/wp-json\/wp\/v2\/categories?post=25349"},{"taxonomy":"post_tag","embeddable":true,"href":"https:\/\/www.elvendrellturisme.com\/es\/wp-json\/wp\/v2\/tags?post=25349"},{"taxonomy":"dipi_cpt_category","embeddable":true,"href":"https:\/\/www.elvendrellturisme.com\/es\/wp-json\/wp\/v2\/dipi_cpt_category?post=25349"}],"curies":[{"name":"wp","href":"https:\/\/api.w.org\/{rel}","templated":true}]}}