{"id":25356,"date":"2019-12-19T13:34:02","date_gmt":"2019-12-19T13:34:02","guid":{"rendered":"http:\/\/tv.dms3labs.cat\/el-temporada-presenta-una-ambiciosa-programacion-de-espectaculos-teatrales-y-musicales-y-ofrece-abonos-para-disfrutar-a-buenos-precios\/"},"modified":"2019-12-19T13:34:02","modified_gmt":"2019-12-19T13:34:02","slug":"el-temporada-presenta-una-ambiciosa-programacion-de-espectaculos-teatrales-y-musicales-y-ofrece-abonos-para-disfrutar-a-buenos-precios","status":"publish","type":"post","link":"https:\/\/www.elvendrellturisme.com\/es\/el-temporada-presenta-una-ambiciosa-programacion-de-espectaculos-teatrales-y-musicales-y-ofrece-abonos-para-disfrutar-a-buenos-precios\/","title":{"rendered":"El &quot;Temporada&quot; presenta una ambiciosa programaci\u00f3n de espect\u00e1culos teatrales y musicales y ofrece abonos para disfrutar a buenos precios"},"content":{"rendered":"<p>Este lunes se ha dado a conocer el contenido de la programaci\u00f3n del &quot;Temporada&quot; de enero a junio de 2020, que como ya es habitual, presenta una oferta atractiva de conciertos y espect\u00e1culos teatrales de calidad y de registros de todo heterog\u00e9neos para intentar atraer al p\u00fablico m\u00e1s amplio posible.<\/p>\n<p>Como novedad, el Temporada estrena en 2020 incorporando una oferta de abonos que quiere mejorar las posibilidades para disfrutar de la programaci\u00f3n a buenos precios. As\u00ed por ejemplo, de entre una docena de espect\u00e1culos, se puede escoger la opci\u00f3n del &quot;abono +3&quot;, para elegir de 3 a 4 espect\u00e1culos con un 30% de descuento; el &quot;abono +5&quot;, que permite elegir entre 5 a 7 espect\u00e1culos y ofrece un 35% de descuento; &quot;El abono +8&quot;, que permite elegir a partir de 8 espect\u00e1culos y ofrece un 40% de descuento y &quot;el abono joven&quot; para j\u00f3venes de hasta 25 a\u00f1os, y que a partir de 3 espect\u00e1culos ofrece un descuento del 50%.<\/p>\n<p>Los abonos se pueden comprar a partir de este martes 17 de diciembre y las entradas individualizadas a partir del jueves 19 de diciembre, en la Concejal\u00eda de Cultura; en el Auditorio Pau Casals, en la taquilla (una hora antes de la representaci\u00f3n) o bien online en la web www.temporada.cat<\/p>\n<p>En cuanto a las propuestas musicales del pr\u00f3ximo semestre, tendr\u00e1n un papel destacado las relacionadas con el jazz. As\u00ed por ejemplo, el Auditorio Pau Casals acoger\u00e1 el concierto de M\u00f3nica Green 30 a\u00f1os &#038; The Project Soul el 1 de febrero; el del Ronald Baker Quintet el 21 de marzo o el de Perico Sambeat y la Big Band de la Escuela M\u00fasicos el 9 de mayo. Tambi\u00e9n en clave de jazz, el Auditorio del T\u00edvoli, de su parte, acoger\u00e1 el del Connexions Trio el 3 de abril.<\/p>\n<p>El &quot;Temporada&quot; tambi\u00e9n incluir\u00e1 espect\u00e1culos musicales diferentes como la experiencia que propone &quot;Invisibles&quot; el 8 de febrero en el Auditorio del T\u00edvoli, un proyecto musical de car\u00e1cter social, centrado en el fen\u00f3meno migratorio. Tambi\u00e9n destaca el espect\u00e1culo &quot;Est\u00f3mac&quot; de la pianista y compositora Clara Peya el 15 de febrero en el Auditorio Pau Casals o el concierto de Northern Cellos, un proyecto innovador que busca poner en escena los estilos m\u00e1s actuales de la m\u00fasica a trav\u00e9s de la singular formaci\u00f3n del cuarteto de violonchelos y que ser\u00e1 el s\u00e1bado 11 de abril en el Auditorio Pau Casals.<\/p>\n<p>La oferta musical del &quot;Temporada&quot; se completa con un espect\u00e1culo familiar de &quot;Landry El Rumbero&quot; el 19 de abril en el Auditorio Pau Casals; la maestr\u00eda de Chicuelo y Marco Mezquida con un interesante di\u00e1logo entre la guitarra flamenca y el piano el 25 de abril en el Auditorio Pau Casals o la actuaci\u00f3n de la Orquesta Camerata XXI, que entre otros, el 23 de mayo interpretar\u00e1 en el Auditorio el Cuarteto de cuerda en mi menor, una obra que hace 120 a\u00f1os que no se ha tocado en p\u00fablico con el arreglo de orquesta de cuerdas.<\/p>\n<p>Para redondear las propuestas musicales el 14 de marzo llegar\u00e1 al TAG &quot;Kuryous Link en concierto&quot;, protagonizada por Serpico (voz), Juan Antonio Campos (bajo), Pemi Rovirosa (guitarra) y Jorge Linares (bater\u00eda). Esta banda cosmopolita y din\u00e1mica se presentar\u00e1 en su casa ofreciendo un concierto gala, en la que participar\u00e1n amigos de la banda como Joan Reig, Pemi Fortuny, Nerea Bassart, Jordi Mena, Zim, Art2, Jimmy Pi\u00f1ol, la Compa\u00f1\u00eda de danza La Factor\u00eda y Manel Lucio, entre muchos otros.<\/p>\n<p>El grueso de propuestas teatrales para el primer semestre de 2020 tambi\u00e9n son del todo heterog\u00e9neas: el TAG acoger\u00e1 &quot;Can\u00e7\u00f3 per tornar a casa&quot; de T de Teatre el 29 de febrero; &quot;Calma&quot; de Guillem Alb\u00e0 el 7 de febrero; &quot;Bye, bye, confetti&quot; el 22 de febrero; &quot;Bona gent&quot; con Quim Masferrer el 29 de marzo; &quot;Laponia&quot; el 4 de abril; &quot;Solitud&quot;, producci\u00f3n del TNC, el 18 de abril, &quot;Cobertura&quot;, el 8 de mayo, con Bruno Oro y Clara Segura, o la producci\u00f3n por los m\u00e1s peque\u00f1os &quot;El monstre de colors&quot; el 10 de mayo.<\/p>\n<p>Y despu\u00e9s del \u00e9xito del a\u00f1o pasado, el nuevo &quot;Temporada&quot; incorpora de nuevo el formato &quot;Off&quot;, un conjunto de espect\u00e1culos de peque\u00f1o formato pensado especialmente para atraer al p\u00fablico joven, en el que espectadores y actores coincidir\u00e1n todos en el escenario del TAG, buscando la proximidad y complicidad mutua, con un aforo reducido y limitado. As\u00ed, el viernes 14 de febrero llegar\u00e1 &quot;Romeo y Julieta. Una mirada distinta &quot;y el 20 de marzo ser\u00e1 el turno de tres peque\u00f1as obras en formato de microteatro: Casualitats, El N\u00famero y La Catarsi. Las tres se representar\u00e1n en diferentes espacios del teatro y tendr\u00e1n una duraci\u00f3n aproximada de 15 minutos cada una. La \u00faltima propuesta del Off Temporada ser\u00e1 &quot;P.A.U. Paisatges als ulls&quot; el 24 de abril.<\/p>\n<p>Programaci\u00f3n del \u00d3rgano y los Pastorets del Vendrell<br \/>\nEn este n\u00famero del &quot;Temporada&quot;, el p\u00fablico tambi\u00e9n podr\u00e1 encontrar la programaci\u00f3n de enero a junio del \u00d3rgano del Vendrell, que empieza el 27 de marzo con el concierto &quot;Sons de Passi\u00f3 III&quot;, a cargo del Agrupaci\u00f3n M\u00fasica Virgen del Consuelo y el organista Josep Mateu. Continuar\u00e1 el 17 de abril con la entrega de premios del III Concurso Benvingut Socias de composici\u00f3n para violonchelo y \u00f3rgano. Y acabar\u00e1 el 22 de mayo con el concierto &quot;Elles i la m\u00fasica sacra&quot;, a cargo del organista Pedro Aguil\u00f3 y el Coro Joves Veus.<br \/>\nEn el &quot;Temporada&quot; tambi\u00e9n se puede consultar el calendario de representaciones de los Pastorets del Vendrell y de los Pastorets infantiles.<\/p>\n<p>La programaci\u00f3n completa del Temporada enero-junio se puede consultar en la web https:\/\/temporada.cat\/.<\/p>\n","protected":false},"excerpt":{"rendered":"<p>Este lunes se ha dado a conocer el contenido de la programaci\u00f3n del &quot;Temporada&quot; de enero a junio de 2020, que como ya es habitual, presenta una oferta atractiva de conciertos y espect\u00e1culos teatrales de calidad y de registros de todo heterog\u00e9neos para intentar atraer al p\u00fablico m\u00e1s amplio posible. Como novedad, el Temporada estrena [&hellip;]<\/p>\n","protected":false},"author":1,"featured_media":20175,"comment_status":"open","ping_status":"closed","sticky":false,"template":"","format":"standard","meta":{"_acf_changed":false,"_et_pb_use_builder":"","_et_pb_old_content":"","_et_gb_content_width":"","content-type":"","footnotes":""},"categories":[],"tags":[],"dipi_cpt_category":[],"class_list":["post-25356","post","type-post","status-publish","format-standard","has-post-thumbnail","hentry"],"acf":[],"_links":{"self":[{"href":"https:\/\/www.elvendrellturisme.com\/es\/wp-json\/wp\/v2\/posts\/25356","targetHints":{"allow":["GET"]}}],"collection":[{"href":"https:\/\/www.elvendrellturisme.com\/es\/wp-json\/wp\/v2\/posts"}],"about":[{"href":"https:\/\/www.elvendrellturisme.com\/es\/wp-json\/wp\/v2\/types\/post"}],"author":[{"embeddable":true,"href":"https:\/\/www.elvendrellturisme.com\/es\/wp-json\/wp\/v2\/users\/1"}],"replies":[{"embeddable":true,"href":"https:\/\/www.elvendrellturisme.com\/es\/wp-json\/wp\/v2\/comments?post=25356"}],"version-history":[{"count":0,"href":"https:\/\/www.elvendrellturisme.com\/es\/wp-json\/wp\/v2\/posts\/25356\/revisions"}],"wp:featuredmedia":[{"embeddable":true,"href":"https:\/\/www.elvendrellturisme.com\/es\/wp-json\/wp\/v2\/media\/20175"}],"wp:attachment":[{"href":"https:\/\/www.elvendrellturisme.com\/es\/wp-json\/wp\/v2\/media?parent=25356"}],"wp:term":[{"taxonomy":"category","embeddable":true,"href":"https:\/\/www.elvendrellturisme.com\/es\/wp-json\/wp\/v2\/categories?post=25356"},{"taxonomy":"post_tag","embeddable":true,"href":"https:\/\/www.elvendrellturisme.com\/es\/wp-json\/wp\/v2\/tags?post=25356"},{"taxonomy":"dipi_cpt_category","embeddable":true,"href":"https:\/\/www.elvendrellturisme.com\/es\/wp-json\/wp\/v2\/dipi_cpt_category?post=25356"}],"curies":[{"name":"wp","href":"https:\/\/api.w.org\/{rel}","templated":true}]}}