{"id":25366,"date":"2020-01-24T11:09:11","date_gmt":"2020-01-24T11:09:11","guid":{"rendered":"http:\/\/tv.dms3labs.cat\/los-nucleos-maritimos-de-comarruga-y-sant-salvador-acogen-el-gran-premio-del-vendrell-y-el-campeonato-de-cataluna-de-marcha\/"},"modified":"2020-01-24T11:09:11","modified_gmt":"2020-01-24T11:09:11","slug":"los-nucleos-maritimos-de-comarruga-y-sant-salvador-acogen-el-gran-premio-del-vendrell-y-el-campeonato-de-cataluna-de-marcha","status":"publish","type":"post","link":"https:\/\/www.elvendrellturisme.com\/es\/los-nucleos-maritimos-de-comarruga-y-sant-salvador-acogen-el-gran-premio-del-vendrell-y-el-campeonato-de-cataluna-de-marcha\/","title":{"rendered":"Los n\u00facleos mar\u00edtimos de Comarruga y Sant Salvador acogen el Gran premio del Vendrell y el Campeonato de Catalu\u00f1a de marcha"},"content":{"rendered":"<p>El domingo 26 de enero, a partir de las 9:45 h, un tramo de la avenida Palfuriana entre los n\u00facleos mar\u00edtimos de Comarruga y Sant Salvador ser\u00e1 el circuito del 5\u00ba Gran premio del Vendrell y el 88\u00ba Campeonato de Catalu\u00f1a de marcha, organizados por Runners el Vendrell y la Federaci\u00f3n Catalana de Atletismo con el apoyo de la Concejal\u00eda de Deportes del Ayuntamiento del Vendrell.<\/p>\n<p>La organizaci\u00f3n ha cifrado la participaci\u00f3n de unos 300 atletas entre las diferentes pruebas federadas que tendr\u00e1n lugar.<\/p>\n","protected":false},"excerpt":{"rendered":"<p>El domingo 26 de enero, a partir de las 9:45 h, un tramo de la avenida Palfuriana entre los n\u00facleos mar\u00edtimos de Comarruga y Sant Salvador ser\u00e1 el circuito del 5\u00ba Gran premio del Vendrell y el 88\u00ba Campeonato de Catalu\u00f1a de marcha, organizados por Runners el Vendrell y la Federaci\u00f3n Catalana de Atletismo con [&hellip;]<\/p>\n","protected":false},"author":1,"featured_media":20216,"comment_status":"open","ping_status":"closed","sticky":false,"template":"","format":"standard","meta":{"_acf_changed":false,"_et_pb_use_builder":"","_et_pb_old_content":"","_et_gb_content_width":"","content-type":"","footnotes":""},"categories":[],"tags":[],"dipi_cpt_category":[],"class_list":["post-25366","post","type-post","status-publish","format-standard","has-post-thumbnail","hentry"],"acf":[],"_links":{"self":[{"href":"https:\/\/www.elvendrellturisme.com\/es\/wp-json\/wp\/v2\/posts\/25366","targetHints":{"allow":["GET"]}}],"collection":[{"href":"https:\/\/www.elvendrellturisme.com\/es\/wp-json\/wp\/v2\/posts"}],"about":[{"href":"https:\/\/www.elvendrellturisme.com\/es\/wp-json\/wp\/v2\/types\/post"}],"author":[{"embeddable":true,"href":"https:\/\/www.elvendrellturisme.com\/es\/wp-json\/wp\/v2\/users\/1"}],"replies":[{"embeddable":true,"href":"https:\/\/www.elvendrellturisme.com\/es\/wp-json\/wp\/v2\/comments?post=25366"}],"version-history":[{"count":0,"href":"https:\/\/www.elvendrellturisme.com\/es\/wp-json\/wp\/v2\/posts\/25366\/revisions"}],"wp:featuredmedia":[{"embeddable":true,"href":"https:\/\/www.elvendrellturisme.com\/es\/wp-json\/wp\/v2\/media\/20216"}],"wp:attachment":[{"href":"https:\/\/www.elvendrellturisme.com\/es\/wp-json\/wp\/v2\/media?parent=25366"}],"wp:term":[{"taxonomy":"category","embeddable":true,"href":"https:\/\/www.elvendrellturisme.com\/es\/wp-json\/wp\/v2\/categories?post=25366"},{"taxonomy":"post_tag","embeddable":true,"href":"https:\/\/www.elvendrellturisme.com\/es\/wp-json\/wp\/v2\/tags?post=25366"},{"taxonomy":"dipi_cpt_category","embeddable":true,"href":"https:\/\/www.elvendrellturisme.com\/es\/wp-json\/wp\/v2\/dipi_cpt_category?post=25366"}],"curies":[{"name":"wp","href":"https:\/\/api.w.org\/{rel}","templated":true}]}}