{"id":25368,"date":"2020-02-01T10:47:26","date_gmt":"2020-02-01T10:47:26","guid":{"rendered":"http:\/\/tv.dms3labs.cat\/trabajos-de-mejora-en-diversos-espacios-del-auditorio-pau-casals\/"},"modified":"2020-02-01T10:47:26","modified_gmt":"2020-02-01T10:47:26","slug":"trabajos-de-mejora-en-diversos-espacios-del-auditorio-pau-casals","status":"publish","type":"post","link":"https:\/\/www.elvendrellturisme.com\/es\/trabajos-de-mejora-en-diversos-espacios-del-auditorio-pau-casals\/","title":{"rendered":"Trabajos de mejora en diversos espacios del Auditorio Pau Casals"},"content":{"rendered":"<p>El Ayuntamiento de El Vendrell ha llevado a cabo diversos trabajos de mejora en el Auditorio Pau Casals de San Salvador con el fin de actualizar y poner al d\u00eda algunos de sus espacios principales. El conjunto de las actuaciones que se ha llevado a cabo ha tenido un coste de 40.000 euros.<\/p>\n<p>Una de las actuaciones m\u00e1s destacadas ha sido la sustituci\u00f3n de todas las paredes de madera del escenario del Auditorio, que con el paso de los a\u00f1os hab\u00edan quedado muy da\u00f1adas por las humedades. Tambi\u00e9n se ha aprovechado para pulir todo el suelo del escenario, que ahora presenta un aspecto mucho m\u00e1s renovado y atractivo.<\/p>\n<p>Ambas actuaciones se han llevado a cabo con un cuidado especial para no alterar la estructura de la sala y su especial sonoridad.<\/p>\n<p>Por otra parte, los trabajos de mejora han permitido cambiar las puertas del vest\u00edbulo de entrada, que eran muy antiguas y presentaban algunas deficiencias, sustituy\u00e9ndolas por unas nuevas puertas de aluminio m\u00e1s modernas y accesibles.<\/p>\n<p>Otra acci\u00f3n que se ha llevado a cabo es la renovaci\u00f3n total del suelo del vest\u00edbulo, sustituyendo las antiguas baldosas por un revestimiento de microcemento, que otorga mucha m\u00e1s versatilidad y luminosidad al espacio.<\/p>\n<p>En una visita de finalizaci\u00f3n de los trabajos, la concejala de Cultura, Silvia Vaquero, ha valorado positivamente &quot;la actualizaci\u00f3n de este equipamiento tan importante para la actividad cultural del Vendrell, y que a pesar de ser inaugurado en 1981 con dise\u00f1o del arquitecto Jordi Bonet, es todav\u00eda un edificio muy contempor\u00e1neo y con una est\u00e9tica muy actual &quot;.<\/p>\n","protected":false},"excerpt":{"rendered":"<p>El Ayuntamiento de El Vendrell ha llevado a cabo diversos trabajos de mejora en el Auditorio Pau Casals de San Salvador con el fin de actualizar y poner al d\u00eda algunos de sus espacios principales. El conjunto de las actuaciones que se ha llevado a cabo ha tenido un coste de 40.000 euros. Una de [&hellip;]<\/p>\n","protected":false},"author":1,"featured_media":20224,"comment_status":"open","ping_status":"closed","sticky":false,"template":"","format":"standard","meta":{"_acf_changed":false,"_et_pb_use_builder":"","_et_pb_old_content":"","_et_gb_content_width":"","content-type":"","footnotes":""},"categories":[],"tags":[],"dipi_cpt_category":[],"class_list":["post-25368","post","type-post","status-publish","format-standard","has-post-thumbnail","hentry"],"acf":[],"_links":{"self":[{"href":"https:\/\/www.elvendrellturisme.com\/es\/wp-json\/wp\/v2\/posts\/25368","targetHints":{"allow":["GET"]}}],"collection":[{"href":"https:\/\/www.elvendrellturisme.com\/es\/wp-json\/wp\/v2\/posts"}],"about":[{"href":"https:\/\/www.elvendrellturisme.com\/es\/wp-json\/wp\/v2\/types\/post"}],"author":[{"embeddable":true,"href":"https:\/\/www.elvendrellturisme.com\/es\/wp-json\/wp\/v2\/users\/1"}],"replies":[{"embeddable":true,"href":"https:\/\/www.elvendrellturisme.com\/es\/wp-json\/wp\/v2\/comments?post=25368"}],"version-history":[{"count":0,"href":"https:\/\/www.elvendrellturisme.com\/es\/wp-json\/wp\/v2\/posts\/25368\/revisions"}],"wp:featuredmedia":[{"embeddable":true,"href":"https:\/\/www.elvendrellturisme.com\/es\/wp-json\/wp\/v2\/media\/20224"}],"wp:attachment":[{"href":"https:\/\/www.elvendrellturisme.com\/es\/wp-json\/wp\/v2\/media?parent=25368"}],"wp:term":[{"taxonomy":"category","embeddable":true,"href":"https:\/\/www.elvendrellturisme.com\/es\/wp-json\/wp\/v2\/categories?post=25368"},{"taxonomy":"post_tag","embeddable":true,"href":"https:\/\/www.elvendrellturisme.com\/es\/wp-json\/wp\/v2\/tags?post=25368"},{"taxonomy":"dipi_cpt_category","embeddable":true,"href":"https:\/\/www.elvendrellturisme.com\/es\/wp-json\/wp\/v2\/dipi_cpt_category?post=25368"}],"curies":[{"name":"wp","href":"https:\/\/api.w.org\/{rel}","templated":true}]}}