{"id":25370,"date":"2020-02-04T13:07:40","date_gmt":"2020-02-04T13:07:40","guid":{"rendered":"http:\/\/tv.dms3labs.cat\/sergi-rovira-gana-el-concurso-de-maestros-xatonaires-en-medio-de-una-gran-fiesta-gastronomica-con-exito-de-publico\/"},"modified":"2020-02-04T13:07:40","modified_gmt":"2020-02-04T13:07:40","slug":"sergi-rovira-gana-el-concurso-de-maestros-xatonaires-en-medio-de-una-gran-fiesta-gastronomica-con-exito-de-publico","status":"publish","type":"post","link":"https:\/\/www.elvendrellturisme.com\/es\/sergi-rovira-gana-el-concurso-de-maestros-xatonaires-en-medio-de-una-gran-fiesta-gastronomica-con-exito-de-publico\/","title":{"rendered":"Sergi Rovira gana el Concurso de Maestros Xatonaires en medio de una gran fiesta gastron\u00f3mica con \u00e9xito de p\u00fablico"},"content":{"rendered":"<p>Este domingo 2 de febrero la escuela \u00c0ngel Guimer\u00e0 se convirti\u00f3 en el epicentro de la gran fiesta gastron\u00f3mica del Vendrell: la Xatonada Popular. El cambio de ubicaci\u00f3n, motivado por las restricciones de tr\u00e1fico que ocasionan las obras de la carretera del Doctor Robert, no afect\u00f3 la afluencia de p\u00fablico y lo cierto es que las instalaciones de la escuela se llenaron durante todo el ma\u00f1ana de gente dispuesta a disfrutar de todas las actividades de la fiesta: el 34\u00ba Concurso de Maestros Xatonaires, la 33\u00aa Exhibici\u00f3n de Xatonaires Infantiles, la 27\u00aa Feria de productos alimenticios naturales y artesanales y el 4\u00ba Xat\u00f3 Experience.<\/p>\n<p>En las instalaciones de la escuela, el p\u00fablico tambi\u00e9n pudo disfrutar de la exposici\u00f3n &quot;La gastronom\u00eda del Vendrell: patrimonio de la Cultura Catalana&quot;; de varios stands de pasteler\u00edas locales; de un photocall de la Xatonada; del Huerto de la Xatonada y de la animaci\u00f3n de la Lira Vendrellenca.<\/p>\n<p>Las 1.000 raciones de xat\u00f3, incluidas el centenar que por primera vez eran aptos para personas cel\u00edacas, se agotaron, y la carpa del Xat\u00f3 Experience estuvo tambi\u00e9n muy concurrida gracias a las diferentes degustaciones de tapas y el showcooking a cargo de Jordi Guillem, el chef de lo Mam Restaurante Le M\u00e9ridien Ra.<\/p>\n<p>En cuanto al Concurso de Maestros Xatonaires, en su 34\u00aa edici\u00f3n, el podio fue el siguiente: 1\u00ba premio para Sergi Rovira; 2\u00ba premio para Antonio Gustavo y 3\u00ba premio para Xavier Rovira. El primer clasificado recibi\u00f3 una bonificaci\u00f3n en la tarjeta cliente de Bonpreu\/ Esclat por valor de 400 euros; el segundo clasificado una bonificaci\u00f3n por valor de 200 euros y el tercer clasificado una bonificaci\u00f3n por valor de 150 euros.<\/p>\n<p>A la Exhibici\u00f3n de Xatonaires Infantiles participaron m\u00e1s de 150 ni\u00f1os y ni\u00f1as que hab\u00edan hecho los cursillos &quot;Aprende a hacer xat\u00f3&quot; en las escuelas, entre los que se sorte\u00f3 un patinete el\u00e9ctrico, patrocinado por supermercados Esclat \/ Bonpreu; un men\u00fa y una partida para dos personas en Bowling El Vendrell; dos entradas en el Karting Vendrell y varios lotes de material escolar, patrocinado por supermercados Esclat \/ Bonpreu.<\/p>\n<p>Este a\u00f1o, adem\u00e1s, los ni\u00f1os y ni\u00f1os asistentes a la fiesta de la Xatonada pudieron compartir un rato con una invitada muy especial: la Lu, ganadora de la \u00faltima edici\u00f3n del programa de Televisi\u00f3n Espa\u00f1ola, MASTERCHEF Junior. Esta barcelonesa no dud\u00f3 en ponerse el delantal y preparar tambi\u00e9n su salsa de xat\u00f3 acompa\u00f1ada de muchos peque\u00f1os admiradores.<\/p>\n<p>La concejala de Promoci\u00f3n Econ\u00f3mica, M. Luz Ram\u00edrez, ha valorado muy positivamente el funcionamiento de la Xatonada Popular de este a\u00f1o y de todos los cambios y novedades que se ha incorporado. Ram\u00edrez agradeci\u00f3 la asistencia masiva de p\u00fablico y la participaci\u00f3n en las diferentes actividades. En cuanto a la ubicaci\u00f3n de este a\u00f1o, la escuela \u00c0ngel Guimer\u00e0, la concejala considera que ha funcionado muy bien, pero ha avanzado que habr\u00e1 que hacer un an\u00e1lisis m\u00e1s detallado y que recoja la opini\u00f3n de todos los sectores implicados en la fiesta para valorar si puede tener o no continuidad.<\/p>\n<p>El s\u00e1bado al mediod\u00eda la fiesta gastron\u00f3mica calent\u00f3 motores en la Rambla, con una VermuTOnada, una actividad en la que se pudo disfrutar de la buena m\u00fasica de Dj Delapierre con la degustaci\u00f3n de xips&#038;xat\u00f3.<\/p>\n<p>Tambi\u00e9n el s\u00e1bado por la ma\u00f1ana, en la plaza del Mercado Municipal, se hicieron varios talleres para que toda la familia pudiera experimentar con el xat\u00f3 bajo el t\u00edtulo de Xat\u00f3 Experience Kids. Y a partir de las 11 h, la plaza de Francesc Maci\u00e0 acogi\u00f3 el JUGACIRC, un espacio de juegos de habilidad para toda la familia.<\/p>\n","protected":false},"excerpt":{"rendered":"<p>Este domingo 2 de febrero la escuela \u00c0ngel Guimer\u00e0 se convirti\u00f3 en el epicentro de la gran fiesta gastron\u00f3mica del Vendrell: la Xatonada Popular. El cambio de ubicaci\u00f3n, motivado por las restricciones de tr\u00e1fico que ocasionan las obras de la carretera del Doctor Robert, no afect\u00f3 la afluencia de p\u00fablico y lo cierto es que [&hellip;]<\/p>\n","protected":false},"author":1,"featured_media":20232,"comment_status":"open","ping_status":"closed","sticky":false,"template":"","format":"standard","meta":{"_acf_changed":false,"_et_pb_use_builder":"","_et_pb_old_content":"","_et_gb_content_width":"","content-type":"","footnotes":""},"categories":[],"tags":[],"dipi_cpt_category":[],"class_list":["post-25370","post","type-post","status-publish","format-standard","has-post-thumbnail","hentry"],"acf":[],"_links":{"self":[{"href":"https:\/\/www.elvendrellturisme.com\/es\/wp-json\/wp\/v2\/posts\/25370","targetHints":{"allow":["GET"]}}],"collection":[{"href":"https:\/\/www.elvendrellturisme.com\/es\/wp-json\/wp\/v2\/posts"}],"about":[{"href":"https:\/\/www.elvendrellturisme.com\/es\/wp-json\/wp\/v2\/types\/post"}],"author":[{"embeddable":true,"href":"https:\/\/www.elvendrellturisme.com\/es\/wp-json\/wp\/v2\/users\/1"}],"replies":[{"embeddable":true,"href":"https:\/\/www.elvendrellturisme.com\/es\/wp-json\/wp\/v2\/comments?post=25370"}],"version-history":[{"count":0,"href":"https:\/\/www.elvendrellturisme.com\/es\/wp-json\/wp\/v2\/posts\/25370\/revisions"}],"wp:featuredmedia":[{"embeddable":true,"href":"https:\/\/www.elvendrellturisme.com\/es\/wp-json\/wp\/v2\/media\/20232"}],"wp:attachment":[{"href":"https:\/\/www.elvendrellturisme.com\/es\/wp-json\/wp\/v2\/media?parent=25370"}],"wp:term":[{"taxonomy":"category","embeddable":true,"href":"https:\/\/www.elvendrellturisme.com\/es\/wp-json\/wp\/v2\/categories?post=25370"},{"taxonomy":"post_tag","embeddable":true,"href":"https:\/\/www.elvendrellturisme.com\/es\/wp-json\/wp\/v2\/tags?post=25370"},{"taxonomy":"dipi_cpt_category","embeddable":true,"href":"https:\/\/www.elvendrellturisme.com\/es\/wp-json\/wp\/v2\/dipi_cpt_category?post=25370"}],"curies":[{"name":"wp","href":"https:\/\/api.w.org\/{rel}","templated":true}]}}