{"id":25379,"date":"2020-02-25T13:58:53","date_gmt":"2020-02-25T13:58:53","guid":{"rendered":"http:\/\/tv.dms3labs.cat\/las-t-de-teatro-llegan-al-tag-este-sabado-con-cancion-para-volver-a-casa\/"},"modified":"2020-02-25T13:58:53","modified_gmt":"2020-02-25T13:58:53","slug":"las-t-de-teatro-llegan-al-tag-este-sabado-con-cancion-para-volver-a-casa","status":"publish","type":"post","link":"https:\/\/www.elvendrellturisme.com\/es\/las-t-de-teatro-llegan-al-tag-este-sabado-con-cancion-para-volver-a-casa\/","title":{"rendered":"Las T de Teatro llegan al TAG este s\u00e1bado con &#8216;Canci\u00f3n para volver a casa&#8217;"},"content":{"rendered":"<p>\u00bfQu\u00e9 pasa cuando se reencuentran tres &quot;ex actrices&quot; unidas por el \u00e9xito y separadas por el fracaso? \u00bfY si en su camino se cruza un hipnotizador que huye de la justicia y que asume ante ellas la falsa identidad de un dramaturgo escoc\u00e9s?<\/p>\n<p>De ah\u00ed partir\u00e1 la historia de &#8216;Canci\u00f3n para volver a casa&#8217;, que llega al Teatro \u00c0ngel Guimer\u00e0 el pr\u00f3ximo s\u00e1bado 29 de febrero, a las 20.30h.<\/p>\n<p>Renata, en plena crisis existencial, enreda la Rita y Greta para que la vayan a ver en un remoto pueblo catal\u00e1n. Veintid\u00f3s seis a\u00f1os atr\u00e1s, las tres fueron responsables del primer gran \u00e9xito del dramaturgo escoc\u00e9s Malcolm Logan; ahora no son nada.<\/p>\n<p>Mientras se produce este reencuentro, el dramaturgo c\u00e9lebre, decide retirarse en la cima de la carrera para irse a vivir en el bosque. Por otra parte, Jon\u00e1s, hipnotizador experto, acaba de vivir un suceso tr\u00e1gico que lo mantiene pendiente de un juicio.<\/p>\n<p>Cuando las tres amigas y los dos fugitivos coincidan en la taberna del pueblo, Renata no tendr\u00e1 lugar a dudas: este hombre de semejante atormentado es en Malcolm Logan y hay convencerle de que escriba para ellas su \u00faltimo y definitivo \u00e9xito. Por su parte, Jon\u00e1s, en plena crisis de identidad, no dejar\u00e1 pasar esta oportunidad de convertirse en el c\u00e9lebre y enigm\u00e1tico genio.<br \/>\nT de Teatro, una de las compa\u00f1\u00edas teatrales m\u00e1s populares del pa\u00eds, se une a la autora y directora Denise Despeyroux para protagonizar esta fantasiosa propuesta con humor y pinceladas de drama.<\/p>\n<p>La compa\u00f1\u00eda catalana ha creado, desde 1991, a\u00f1o de su creaci\u00f3n, doce espect\u00e1culos, ha representado m\u00e1s de 2.700 funciones y ha convocado la asistencia de un mill\u00f3n de espectadores.<br \/>\nPara comprar las entradas, hay que dirigirse a la web www.temporada.cat, o bien a la concejal\u00eda de Cultura (La Rambla, 24).<\/p>\n<p>Int\u00e9rpretes:<br \/>\nAutor\u00eda y direcci\u00f3n: Denise Despeyroux<br \/>\nTraducci\u00f3n: Sergi Belbel<br \/>\nInt\u00e9rpretes: Mamen Duch, Marta P\u00e9rez, Carmen Pla, Jordi Rico y \u00c0gata Roca<br \/>\nProducci\u00f3n: T de Teatro<\/p>\n<p>D\u00eda: S\u00e1bado, 29 de febrero<br \/>\nLugar: Teatro \u00c0ngel Guimer\u00e0<br \/>\nHora: 20.30 h<br \/>\nPrecio: 25 euros<br \/>\nPrecio con descuento: 20 euros<\/p>\n","protected":false},"excerpt":{"rendered":"<p>\u00bfQu\u00e9 pasa cuando se reencuentran tres &quot;ex actrices&quot; unidas por el \u00e9xito y separadas por el fracaso? \u00bfY si en su camino se cruza un hipnotizador que huye de la justicia y que asume ante ellas la falsa identidad de un dramaturgo escoc\u00e9s? De ah\u00ed partir\u00e1 la historia de &#8216;Canci\u00f3n para volver a casa&#8217;, que [&hellip;]<\/p>\n","protected":false},"author":1,"featured_media":20272,"comment_status":"open","ping_status":"closed","sticky":false,"template":"","format":"standard","meta":{"_acf_changed":false,"_et_pb_use_builder":"","_et_pb_old_content":"","_et_gb_content_width":"","content-type":"","footnotes":""},"categories":[],"tags":[],"dipi_cpt_category":[],"class_list":["post-25379","post","type-post","status-publish","format-standard","has-post-thumbnail","hentry"],"acf":[],"_links":{"self":[{"href":"https:\/\/www.elvendrellturisme.com\/es\/wp-json\/wp\/v2\/posts\/25379","targetHints":{"allow":["GET"]}}],"collection":[{"href":"https:\/\/www.elvendrellturisme.com\/es\/wp-json\/wp\/v2\/posts"}],"about":[{"href":"https:\/\/www.elvendrellturisme.com\/es\/wp-json\/wp\/v2\/types\/post"}],"author":[{"embeddable":true,"href":"https:\/\/www.elvendrellturisme.com\/es\/wp-json\/wp\/v2\/users\/1"}],"replies":[{"embeddable":true,"href":"https:\/\/www.elvendrellturisme.com\/es\/wp-json\/wp\/v2\/comments?post=25379"}],"version-history":[{"count":0,"href":"https:\/\/www.elvendrellturisme.com\/es\/wp-json\/wp\/v2\/posts\/25379\/revisions"}],"wp:featuredmedia":[{"embeddable":true,"href":"https:\/\/www.elvendrellturisme.com\/es\/wp-json\/wp\/v2\/media\/20272"}],"wp:attachment":[{"href":"https:\/\/www.elvendrellturisme.com\/es\/wp-json\/wp\/v2\/media?parent=25379"}],"wp:term":[{"taxonomy":"category","embeddable":true,"href":"https:\/\/www.elvendrellturisme.com\/es\/wp-json\/wp\/v2\/categories?post=25379"},{"taxonomy":"post_tag","embeddable":true,"href":"https:\/\/www.elvendrellturisme.com\/es\/wp-json\/wp\/v2\/tags?post=25379"},{"taxonomy":"dipi_cpt_category","embeddable":true,"href":"https:\/\/www.elvendrellturisme.com\/es\/wp-json\/wp\/v2\/dipi_cpt_category?post=25379"}],"curies":[{"name":"wp","href":"https:\/\/api.w.org\/{rel}","templated":true}]}}