{"id":25381,"date":"2020-03-02T14:34:09","date_gmt":"2020-03-02T14:34:09","guid":{"rendered":"http:\/\/tv.dms3labs.cat\/guillem-alba-lleva-calma-al-tag-una-obra-llena-de-humor-y-optimismo\/"},"modified":"2020-03-02T14:34:09","modified_gmt":"2020-03-02T14:34:09","slug":"guillem-alba-lleva-calma-al-tag-una-obra-llena-de-humor-y-optimismo","status":"publish","type":"post","link":"https:\/\/www.elvendrellturisme.com\/es\/guillem-alba-lleva-calma-al-tag-una-obra-llena-de-humor-y-optimismo\/","title":{"rendered":"Guillem Alb\u00e0 lleva &#8216;Calma!&#8217; al tag, una obra llena de humor y optimismo"},"content":{"rendered":"<p>Guillem Alb\u00e0 nos cuenta, solo y sin palabras, un hecho tan complejo ya la vez tan cotidiano: la prisa. Este &quot;corre todo momento&quot; en el que vivimos instalados.<\/p>\n<p>Calma! lleva al espectador a disfrutar de una experiencia por momentos c\u00f3mica, por momentos po\u00e9tica. Con el clown como bandera ya trav\u00e9s de los t\u00edteres, el gesto, las sombras o la m\u00fasica, har\u00e1 cuestionarnos el d\u00eda a d\u00eda y el propio viaje vital. Si vale la pena correr tanto, si estamos haciendo lo que realmente nos llena, y en definitiva: si queremos seguir as\u00ed o queremos cambiarlo.<\/p>\n<p>Calma! es Guillem Alb\u00e0 en estado puro. Su clown salvaje est\u00e1 presente, su po\u00e9tica no falta, y su mensaje optimista y vital se convierte, finalmente, cat\u00e1rtico.<\/p>\n<p>Calma! es el sexto trabajo de creaci\u00f3n del vilanovense Guillem Alb\u00e0. Un espect\u00e1culo total, de teatro de creaci\u00f3n, que recoge el color m\u00e1s po\u00e9tico y visual de Lluvia y Ojal, y la locura m\u00e1s desenfrenada y festiva del payaso de Marabunta.<\/p>\n<p>Grandes dosis de humor para hacernos detener y olvidar las prisas del d\u00eda a d\u00eda.<\/p>\n<p>Para comprar las entradas, hay que dirigirse a la web www.temporada.cat, o bien a la concejal\u00eda de Cultura (La Rambla, 24).<\/p>\n<p>Int\u00e9rpretes:<br \/>\nDirecci\u00f3n e interpretaci\u00f3n: Guillem Alb\u00e0<br \/>\nCreaci\u00f3n: Alicia Serrat, Marc Angelet, Andreu Mart\u00ednez y Guillem Alb\u00e0<br \/>\nM\u00fasica: Pep Pascual<br \/>\nMovimiento: Ariadna Peya<\/p>\n<p>D\u00eda: S\u00e1bado, 7 de marzo<br \/>\nLugar: Teatro \u00c0ngel Guimer\u00e0<br \/>\nHora: 20.30 h<br \/>\nPrecio: 17 euros<br \/>\nPrecio con descuento: 13 euros<\/p>\n","protected":false},"excerpt":{"rendered":"<p>Guillem Alb\u00e0 nos cuenta, solo y sin palabras, un hecho tan complejo ya la vez tan cotidiano: la prisa. Este &quot;corre todo momento&quot; en el que vivimos instalados. Calma! lleva al espectador a disfrutar de una experiencia por momentos c\u00f3mica, por momentos po\u00e9tica. Con el clown como bandera ya trav\u00e9s de los t\u00edteres, el gesto, [&hellip;]<\/p>\n","protected":false},"author":1,"featured_media":20280,"comment_status":"open","ping_status":"closed","sticky":false,"template":"","format":"standard","meta":{"_acf_changed":false,"_et_pb_use_builder":"","_et_pb_old_content":"","_et_gb_content_width":"","content-type":"","footnotes":""},"categories":[],"tags":[],"dipi_cpt_category":[],"class_list":["post-25381","post","type-post","status-publish","format-standard","has-post-thumbnail","hentry"],"acf":[],"_links":{"self":[{"href":"https:\/\/www.elvendrellturisme.com\/es\/wp-json\/wp\/v2\/posts\/25381","targetHints":{"allow":["GET"]}}],"collection":[{"href":"https:\/\/www.elvendrellturisme.com\/es\/wp-json\/wp\/v2\/posts"}],"about":[{"href":"https:\/\/www.elvendrellturisme.com\/es\/wp-json\/wp\/v2\/types\/post"}],"author":[{"embeddable":true,"href":"https:\/\/www.elvendrellturisme.com\/es\/wp-json\/wp\/v2\/users\/1"}],"replies":[{"embeddable":true,"href":"https:\/\/www.elvendrellturisme.com\/es\/wp-json\/wp\/v2\/comments?post=25381"}],"version-history":[{"count":0,"href":"https:\/\/www.elvendrellturisme.com\/es\/wp-json\/wp\/v2\/posts\/25381\/revisions"}],"wp:featuredmedia":[{"embeddable":true,"href":"https:\/\/www.elvendrellturisme.com\/es\/wp-json\/wp\/v2\/media\/20280"}],"wp:attachment":[{"href":"https:\/\/www.elvendrellturisme.com\/es\/wp-json\/wp\/v2\/media?parent=25381"}],"wp:term":[{"taxonomy":"category","embeddable":true,"href":"https:\/\/www.elvendrellturisme.com\/es\/wp-json\/wp\/v2\/categories?post=25381"},{"taxonomy":"post_tag","embeddable":true,"href":"https:\/\/www.elvendrellturisme.com\/es\/wp-json\/wp\/v2\/tags?post=25381"},{"taxonomy":"dipi_cpt_category","embeddable":true,"href":"https:\/\/www.elvendrellturisme.com\/es\/wp-json\/wp\/v2\/dipi_cpt_category?post=25381"}],"curies":[{"name":"wp","href":"https:\/\/api.w.org\/{rel}","templated":true}]}}