{"id":25383,"date":"2020-03-11T12:31:13","date_gmt":"2020-03-11T12:31:13","guid":{"rendered":"http:\/\/tv.dms3labs.cat\/turismo-del-vendrell-convoca-un-concurso-de-instagram-con-motivo-de-la-capitalidad-de-la-cultura-catalana\/"},"modified":"2020-03-11T12:31:13","modified_gmt":"2020-03-11T12:31:13","slug":"turismo-del-vendrell-convoca-un-concurso-de-instagram-con-motivo-de-la-capitalidad-de-la-cultura-catalana","status":"publish","type":"post","link":"https:\/\/www.elvendrellturisme.com\/es\/turismo-del-vendrell-convoca-un-concurso-de-instagram-con-motivo-de-la-capitalidad-de-la-cultura-catalana\/","title":{"rendered":"Turismo del Vendrell convoca un concurso de Instagram con motivo de la Capitalidad de la Cultura Catalana"},"content":{"rendered":"<p>El Vendrell, 10 de marzo de 2020<\/p>\n<p>Turismo del Vendrell (@turismevendrell) ha convocado el Concurso Instagram &quot;El Vendrell, Capital de la Cultura Catalana 2020&quot;.<\/p>\n<p>El objetivo del concurso es que los ciudadanos y turistas puedan participar en una acci\u00f3n colectiva para dar a conocer la riqueza patrimonial y cultural del municipio. Los participantes deber\u00e1n captar con sus m\u00f3viles aquellos lugares, momentos o situaciones que sean representativos del Vendrell, y sus n\u00facleos mar\u00edtimos de Comarruga, San Salvador y El Franc\u00e0s, en relaci\u00f3n al paisaje, el patrimonio y la cultura.<\/p>\n<p>Entre todas las im\u00e1genes enviadas por los usuarios, se escoger\u00e1n 10 para la posterior creaci\u00f3n de postales tur\u00edsticas que estar\u00e1n a disposici\u00f3n p\u00fablica y gratuita en la Oficina de Turismo.<\/p>\n<p>Las bases de participaci\u00f3n se pueden consultar en la web de Turismo del Vendrell: https:\/\/www.elvendrellturisme.com\/cataleg.php .<\/p>\n","protected":false},"excerpt":{"rendered":"<p>El Vendrell, 10 de marzo de 2020 Turismo del Vendrell (@turismevendrell) ha convocado el Concurso Instagram &quot;El Vendrell, Capital de la Cultura Catalana 2020&quot;. El objetivo del concurso es que los ciudadanos y turistas puedan participar en una acci\u00f3n colectiva para dar a conocer la riqueza patrimonial y cultural del municipio. Los participantes deber\u00e1n captar [&hellip;]<\/p>\n","protected":false},"author":1,"featured_media":20288,"comment_status":"open","ping_status":"closed","sticky":false,"template":"","format":"standard","meta":{"_acf_changed":false,"_et_pb_use_builder":"","_et_pb_old_content":"","_et_gb_content_width":"","content-type":"","footnotes":""},"categories":[],"tags":[],"dipi_cpt_category":[],"class_list":["post-25383","post","type-post","status-publish","format-standard","has-post-thumbnail","hentry"],"acf":[],"_links":{"self":[{"href":"https:\/\/www.elvendrellturisme.com\/es\/wp-json\/wp\/v2\/posts\/25383","targetHints":{"allow":["GET"]}}],"collection":[{"href":"https:\/\/www.elvendrellturisme.com\/es\/wp-json\/wp\/v2\/posts"}],"about":[{"href":"https:\/\/www.elvendrellturisme.com\/es\/wp-json\/wp\/v2\/types\/post"}],"author":[{"embeddable":true,"href":"https:\/\/www.elvendrellturisme.com\/es\/wp-json\/wp\/v2\/users\/1"}],"replies":[{"embeddable":true,"href":"https:\/\/www.elvendrellturisme.com\/es\/wp-json\/wp\/v2\/comments?post=25383"}],"version-history":[{"count":0,"href":"https:\/\/www.elvendrellturisme.com\/es\/wp-json\/wp\/v2\/posts\/25383\/revisions"}],"wp:featuredmedia":[{"embeddable":true,"href":"https:\/\/www.elvendrellturisme.com\/es\/wp-json\/wp\/v2\/media\/20288"}],"wp:attachment":[{"href":"https:\/\/www.elvendrellturisme.com\/es\/wp-json\/wp\/v2\/media?parent=25383"}],"wp:term":[{"taxonomy":"category","embeddable":true,"href":"https:\/\/www.elvendrellturisme.com\/es\/wp-json\/wp\/v2\/categories?post=25383"},{"taxonomy":"post_tag","embeddable":true,"href":"https:\/\/www.elvendrellturisme.com\/es\/wp-json\/wp\/v2\/tags?post=25383"},{"taxonomy":"dipi_cpt_category","embeddable":true,"href":"https:\/\/www.elvendrellturisme.com\/es\/wp-json\/wp\/v2\/dipi_cpt_category?post=25383"}],"curies":[{"name":"wp","href":"https:\/\/api.w.org\/{rel}","templated":true}]}}