{"id":25385,"date":"2020-03-12T12:24:33","date_gmt":"2020-03-12T12:24:33","guid":{"rendered":"http:\/\/tv.dms3labs.cat\/el-ayuntamiento-del-vendrell-activa-un-paquete-de-medidas-para-prevenir-el-contagio-del-covidien-19\/"},"modified":"2020-03-12T12:24:33","modified_gmt":"2020-03-12T12:24:33","slug":"el-ayuntamiento-del-vendrell-activa-un-paquete-de-medidas-para-prevenir-el-contagio-del-covidien-19","status":"publish","type":"post","link":"https:\/\/www.elvendrellturisme.com\/es\/el-ayuntamiento-del-vendrell-activa-un-paquete-de-medidas-para-prevenir-el-contagio-del-covidien-19\/","title":{"rendered":"El Ayuntamiento del Vendrell activa un paquete de medidas para prevenir el contagio del Covidien-19"},"content":{"rendered":"<p>Atendiendo las recomendaciones recibidas por la Generalitat de Catalunya para evitar al m\u00e1ximo las aglomeraciones y promover la prevenci\u00f3n de contagios del coronavirus (COVID-19), en la ma\u00f1ana se ha reunido en el Ayuntamiento del Vendrell el comit\u00e9 de seguimiento de la evoluci\u00f3n del COVID-19 al municipio.<br \/>\nDespu\u00e9s de evaluar la situaci\u00f3n y siguiendo las directrices del Departamento de Salud de la Generalitat de Catalunya, este comit\u00e9 ha activado el siguiente paquete de medidas:<\/p>\n<p>Mayores<br \/>\nSe cierran los 3 centros de la tercera edad (ambos de El Vendrell y el de Coma-ruga) y se limitan las visitas a la Residencia de ancianos La Muntanyeta.<br \/>\nSe cierra el Centro de D\u00eda.<\/p>\n<p>Servicios Sociales<br \/>\nSe limitan las atenciones a las que s\u00f3lo sean necesarias y se refuerza la atenci\u00f3n por tel\u00e9fono y por v\u00edas telem\u00e1ticas.<br \/>\nSe cierra el Centro Abierto (Edificio de F\u00e1tima).<\/p>\n<p>Educaci\u00f3n \/ Juventud<br \/>\nSe suspenden las actividades extraescolares de La Ballaruga, excepto las acogidas mientras las escuelas se mantengan abiertas. Se cierran el Aula de Cer\u00e1mica y el Casal Jove.<br \/>\nEn la Escuela Municipal de M\u00fasica Pau Casals anulan los talleres y las actividades extras, pero se mantienen las clases ordinarias, reforzando medidas de prevenci\u00f3n, a la espera de la decisi\u00f3n de cierre de escuelas por parte de la Generalitat.<br \/>\nSe mantiene el transporte escolar mientras las escuelas se mantengan abiertas.<\/p>\n<p>Centros c\u00edvicos<br \/>\nanulan las actividades y se cierran las salas de actos y de reuniones.<\/p>\n<p>Cultura<br \/>\nSe cierran el Teatro Municipal \u00c0ngel Guimer\u00e0, el Auditorio Pau Casals, el Auditorio del T\u00edvoli y los museos municipales.<br \/>\nLa Biblioteca P\u00fablica Terra Baixa restringe su actividad al servicio de pr\u00e9stamo.<\/p>\n<p>Deportes<br \/>\nLas instalaciones deportivas se mantienen abiertas con recomendaciones de no utilizar los vestuarios ni las duchas.<br \/>\nRespecto a las actividades acu\u00e1ticas (nataci\u00f3n):<br \/>\n-se mantienen los cursillos infantiles, tanto en horario escolar como en el extraescolar.<br \/>\n-s&#8217;anul\u00b7len los cursos de la gente mayor.<\/p>\n<p>Edificios y espacios municipales<br \/>\nSe limitan las visitas y las atenciones de tr\u00e1mites para evitar aglomeraciones y colas en espacios interiores de los edificios municipales.<br \/>\nSe recomienda el uso de las v\u00edas telem\u00e1ticas.<br \/>\nSe cierra el \u00c1rea recreativa del Tomov\u00ed.<\/p>\n<p>Mercados y ferias<br \/>\nanulan los mercados semanales del Vendrell (viernes), excepto las paradas de alimentaci\u00f3n de las plazas del Mercado y de Francesc Maci\u00e0, y el de Coma-ruga (s\u00e1bado) en su totalidad.<br \/>\nSe anula el mercado de anticuarios de la Rambla (segundo s\u00e1bado de mes).<\/p>\n<p>Se aconseja a la ciudadan\u00eda y al tejido social y empresarial del municipio que se sigan las indicaciones y las recomendaciones del Departamento de Salud de la Generalitat de Catalunya.<br \/>\nEstas medidas preventivas se alargar\u00e1n durante un periodo de 15 d\u00edas. La informaci\u00f3n se ir\u00e1 actualizando en funci\u00f3n de la evoluci\u00f3n y de la nueva informaci\u00f3n que se vaya disponiendo y de las nuevas directrices de los \u00f3rganos competentes.<br \/>\nJunto a estas medidas preventivas, el Ayuntamiento del Vendrell quiere transmitir a la ciudadan\u00eda un mensaje de tranquilidad y de confianza, y se pide que se siga la informaci\u00f3n de los canales oficiales y que no se difundan informaciones falsas o no contrastadas.<br \/>\nSe recuerda que ante cualquier sospecha de contagio se recomienda llamar al tel\u00e9fono 061 y se puede seguir la informaci\u00f3n actualizada en la web del Departamento de Salud de la Generalitat de Catalunya .<\/p>\n<p>Caso de contagio al Vendrell<br \/>\nEl alcalde de El Vendrell, Kenneth Mart\u00ednez, inform\u00f3 que ayer el Departamento de Salud de la Generalitat de Catalu\u00f1a confirm\u00f3 un positivo por contagio de Covidien-19 a una vecina del municipio, que presenta sintomatolog\u00eda leve y est\u00e1 sen atendida en su domicilio. Su entorno m\u00e1s inmediato est\u00e1 bajo control m\u00e9dico y hasta el momento no presentan s\u00edntomas. El alcalde ha deseado un r\u00e1pida recuperaci\u00f3n a la vecina.<br \/>\nMart\u00ednez tambi\u00e9n ha comunicado que existe un caso de dos personas extranjeras que estaban de paso en el municipio y que est\u00e1n ingresadas en el Hospital de El Vendrell, donde se les est\u00e1n haciendo las pruebas pertinentes.<br \/>\nEl alcalde del Vendrell ha manifestado la plena confianza con el sistema sanitario del pa\u00eds y reiter\u00f3 la m\u00e1xima colaboraci\u00f3n del Ayuntamiento con el Departamento de Salud de la Generalitat y la Red sanitaria y social Santa Tecla.<\/p>\n","protected":false},"excerpt":{"rendered":"<p>Atendiendo las recomendaciones recibidas por la Generalitat de Catalunya para evitar al m\u00e1ximo las aglomeraciones y promover la prevenci\u00f3n de contagios del coronavirus (COVID-19), en la ma\u00f1ana se ha reunido en el Ayuntamiento del Vendrell el comit\u00e9 de seguimiento de la evoluci\u00f3n del COVID-19 al municipio. Despu\u00e9s de evaluar la situaci\u00f3n y siguiendo las directrices [&hellip;]<\/p>\n","protected":false},"author":1,"featured_media":20296,"comment_status":"open","ping_status":"closed","sticky":false,"template":"","format":"standard","meta":{"_acf_changed":false,"_et_pb_use_builder":"","_et_pb_old_content":"","_et_gb_content_width":"","content-type":"","footnotes":""},"categories":[],"tags":[],"dipi_cpt_category":[],"class_list":["post-25385","post","type-post","status-publish","format-standard","has-post-thumbnail","hentry"],"acf":[],"_links":{"self":[{"href":"https:\/\/www.elvendrellturisme.com\/es\/wp-json\/wp\/v2\/posts\/25385","targetHints":{"allow":["GET"]}}],"collection":[{"href":"https:\/\/www.elvendrellturisme.com\/es\/wp-json\/wp\/v2\/posts"}],"about":[{"href":"https:\/\/www.elvendrellturisme.com\/es\/wp-json\/wp\/v2\/types\/post"}],"author":[{"embeddable":true,"href":"https:\/\/www.elvendrellturisme.com\/es\/wp-json\/wp\/v2\/users\/1"}],"replies":[{"embeddable":true,"href":"https:\/\/www.elvendrellturisme.com\/es\/wp-json\/wp\/v2\/comments?post=25385"}],"version-history":[{"count":0,"href":"https:\/\/www.elvendrellturisme.com\/es\/wp-json\/wp\/v2\/posts\/25385\/revisions"}],"wp:featuredmedia":[{"embeddable":true,"href":"https:\/\/www.elvendrellturisme.com\/es\/wp-json\/wp\/v2\/media\/20296"}],"wp:attachment":[{"href":"https:\/\/www.elvendrellturisme.com\/es\/wp-json\/wp\/v2\/media?parent=25385"}],"wp:term":[{"taxonomy":"category","embeddable":true,"href":"https:\/\/www.elvendrellturisme.com\/es\/wp-json\/wp\/v2\/categories?post=25385"},{"taxonomy":"post_tag","embeddable":true,"href":"https:\/\/www.elvendrellturisme.com\/es\/wp-json\/wp\/v2\/tags?post=25385"},{"taxonomy":"dipi_cpt_category","embeddable":true,"href":"https:\/\/www.elvendrellturisme.com\/es\/wp-json\/wp\/v2\/dipi_cpt_category?post=25385"}],"curies":[{"name":"wp","href":"https:\/\/api.w.org\/{rel}","templated":true}]}}