{"id":25387,"date":"2020-04-27T17:42:50","date_gmt":"2020-04-27T17:42:50","guid":{"rendered":"http:\/\/tv.dms3labs.cat\/el-chorlitejo-patinegro-ha-aprovechado-estos-dias-excepcionales-para-reproducirse-en-las-playas\/"},"modified":"2020-04-27T17:42:50","modified_gmt":"2020-04-27T17:42:50","slug":"el-chorlitejo-patinegro-ha-aprovechado-estos-dias-excepcionales-para-reproducirse-en-las-playas","status":"publish","type":"post","link":"https:\/\/www.elvendrellturisme.com\/es\/el-chorlitejo-patinegro-ha-aprovechado-estos-dias-excepcionales-para-reproducirse-en-las-playas\/","title":{"rendered":"El chorlitejo patinegro ha aprovechado estos d\u00edas excepcionales para reproducirse en las playas"},"content":{"rendered":"<p>El Vendrell, 25 de abril de 2020<\/p>\n<p>El chorlitejo patinegro ha aprovechado estos d\u00edas excepcionales para reproducirse en las playas. El grupo Ecologista del Vendrell y el Baix Pened\u00e8s, GEVEN; los agentes rurales del Baix Pened\u00e8s y el Ayuntamiento del Veendrell han unido esfuerzos para aumentar la protecci\u00f3n de cara al desconfinament progresivo.<\/p>\n<p>Por eso es muy importante que nos ayude a protegerlo respetando las siguientes indicaciones:<br \/>\n&#8211; No entrar a los cerrados de protecci\u00f3n.<br \/>\n&#8211; No entrar con los perros en las playas.<br \/>\n&#8211; Si detecta un nido fuera de los cerrados de protecci\u00f3n p\u00f3ngase en contacto con mediambient@elvendrell.net ,  gevenbpenedes@gmail.com  o associacioagentsrurals@gmail.com  <\/p>\n<p>Desde el Ayuntamiento de El Vendrell se quiere agradecer al GEVEN el seguimiento de esta especie que efect\u00faa en nuestras playas.<\/p>\n","protected":false},"excerpt":{"rendered":"<p>El Vendrell, 25 de abril de 2020 El chorlitejo patinegro ha aprovechado estos d\u00edas excepcionales para reproducirse en las playas. El grupo Ecologista del Vendrell y el Baix Pened\u00e8s, GEVEN; los agentes rurales del Baix Pened\u00e8s y el Ayuntamiento del Veendrell han unido esfuerzos para aumentar la protecci\u00f3n de cara al desconfinament progresivo. Por eso [&hellip;]<\/p>\n","protected":false},"author":1,"featured_media":20304,"comment_status":"open","ping_status":"closed","sticky":false,"template":"","format":"standard","meta":{"_acf_changed":false,"_et_pb_use_builder":"","_et_pb_old_content":"","_et_gb_content_width":"","content-type":"","footnotes":""},"categories":[],"tags":[],"dipi_cpt_category":[],"class_list":["post-25387","post","type-post","status-publish","format-standard","has-post-thumbnail","hentry"],"acf":[],"_links":{"self":[{"href":"https:\/\/www.elvendrellturisme.com\/es\/wp-json\/wp\/v2\/posts\/25387","targetHints":{"allow":["GET"]}}],"collection":[{"href":"https:\/\/www.elvendrellturisme.com\/es\/wp-json\/wp\/v2\/posts"}],"about":[{"href":"https:\/\/www.elvendrellturisme.com\/es\/wp-json\/wp\/v2\/types\/post"}],"author":[{"embeddable":true,"href":"https:\/\/www.elvendrellturisme.com\/es\/wp-json\/wp\/v2\/users\/1"}],"replies":[{"embeddable":true,"href":"https:\/\/www.elvendrellturisme.com\/es\/wp-json\/wp\/v2\/comments?post=25387"}],"version-history":[{"count":0,"href":"https:\/\/www.elvendrellturisme.com\/es\/wp-json\/wp\/v2\/posts\/25387\/revisions"}],"wp:featuredmedia":[{"embeddable":true,"href":"https:\/\/www.elvendrellturisme.com\/es\/wp-json\/wp\/v2\/media\/20304"}],"wp:attachment":[{"href":"https:\/\/www.elvendrellturisme.com\/es\/wp-json\/wp\/v2\/media?parent=25387"}],"wp:term":[{"taxonomy":"category","embeddable":true,"href":"https:\/\/www.elvendrellturisme.com\/es\/wp-json\/wp\/v2\/categories?post=25387"},{"taxonomy":"post_tag","embeddable":true,"href":"https:\/\/www.elvendrellturisme.com\/es\/wp-json\/wp\/v2\/tags?post=25387"},{"taxonomy":"dipi_cpt_category","embeddable":true,"href":"https:\/\/www.elvendrellturisme.com\/es\/wp-json\/wp\/v2\/dipi_cpt_category?post=25387"}],"curies":[{"name":"wp","href":"https:\/\/api.w.org\/{rel}","templated":true}]}}