{"id":25388,"date":"2020-04-27T17:46:22","date_gmt":"2020-04-27T17:46:22","guid":{"rendered":"http:\/\/tv.dms3labs.cat\/un-challenge-para-acercar-el-patrimonio-escultorico-a-la-ciudadania\/"},"modified":"2020-04-27T17:46:22","modified_gmt":"2020-04-27T17:46:22","slug":"un-challenge-para-acercar-el-patrimonio-escultorico-a-la-ciudadania","status":"publish","type":"post","link":"https:\/\/www.elvendrellturisme.com\/es\/un-challenge-para-acercar-el-patrimonio-escultorico-a-la-ciudadania\/","title":{"rendered":"Un &quot;challenge&quot; para acercar el patrimonio escult\u00f3rico a la ciudadan\u00eda"},"content":{"rendered":"<p>El Vendrell cuenta con un circuito de esculturas en la calle que conforma un aut\u00e9ntico conjunto a<br \/>\naire libre. Las circunstancias actuales de confinamiento no nos permiten poder realizar este<br \/>\ncircuito ni disfrutarlas presencialmente y es por ello que desde la Concejal\u00eda de Cultura ha querido<br \/>\ndesarrollar el &quot;challenge&quot; #esculturARTacasa, una iniciativa que, a partir de este pr\u00f3ximo<br \/>\nLunes, quiere despertar la creatividad y la imaginaci\u00f3n de la ciudadan\u00eda para recrear una de las 11<br \/>\nesculturas que decoran las calles de la villa.<\/p>\n<p>El \u00c1ngel de Tob\u00edas, la pareja del pan bendito o el Apolo musical son algunas de las propuestas a<br \/>\nrecrear en este reto. Se podr\u00e1n presentar tantas propuestas como se quiera, a trav\u00e9s de las<br \/>\nredes sociales &#8211; Facebook, Twitter e Instagram -, que deber\u00e1n estar abiertas mientras dure el<br \/>\nchallenge, con la etiqueta #esculturARTacasa y utilizando los utensilios y material necesario que se<br \/>\ntenga en casa, utilizando la imaginaci\u00f3n y la diversi\u00f3n.<\/p>\n","protected":false},"excerpt":{"rendered":"<p>El Vendrell cuenta con un circuito de esculturas en la calle que conforma un aut\u00e9ntico conjunto a aire libre. Las circunstancias actuales de confinamiento no nos permiten poder realizar este circuito ni disfrutarlas presencialmente y es por ello que desde la Concejal\u00eda de Cultura ha querido desarrollar el &quot;challenge&quot; #esculturARTacasa, una iniciativa que, a partir [&hellip;]<\/p>\n","protected":false},"author":1,"featured_media":20308,"comment_status":"open","ping_status":"closed","sticky":false,"template":"","format":"standard","meta":{"_acf_changed":false,"_et_pb_use_builder":"","_et_pb_old_content":"","_et_gb_content_width":"","content-type":"","footnotes":""},"categories":[],"tags":[],"dipi_cpt_category":[],"class_list":["post-25388","post","type-post","status-publish","format-standard","has-post-thumbnail","hentry"],"acf":[],"_links":{"self":[{"href":"https:\/\/www.elvendrellturisme.com\/es\/wp-json\/wp\/v2\/posts\/25388","targetHints":{"allow":["GET"]}}],"collection":[{"href":"https:\/\/www.elvendrellturisme.com\/es\/wp-json\/wp\/v2\/posts"}],"about":[{"href":"https:\/\/www.elvendrellturisme.com\/es\/wp-json\/wp\/v2\/types\/post"}],"author":[{"embeddable":true,"href":"https:\/\/www.elvendrellturisme.com\/es\/wp-json\/wp\/v2\/users\/1"}],"replies":[{"embeddable":true,"href":"https:\/\/www.elvendrellturisme.com\/es\/wp-json\/wp\/v2\/comments?post=25388"}],"version-history":[{"count":0,"href":"https:\/\/www.elvendrellturisme.com\/es\/wp-json\/wp\/v2\/posts\/25388\/revisions"}],"wp:featuredmedia":[{"embeddable":true,"href":"https:\/\/www.elvendrellturisme.com\/es\/wp-json\/wp\/v2\/media\/20308"}],"wp:attachment":[{"href":"https:\/\/www.elvendrellturisme.com\/es\/wp-json\/wp\/v2\/media?parent=25388"}],"wp:term":[{"taxonomy":"category","embeddable":true,"href":"https:\/\/www.elvendrellturisme.com\/es\/wp-json\/wp\/v2\/categories?post=25388"},{"taxonomy":"post_tag","embeddable":true,"href":"https:\/\/www.elvendrellturisme.com\/es\/wp-json\/wp\/v2\/tags?post=25388"},{"taxonomy":"dipi_cpt_category","embeddable":true,"href":"https:\/\/www.elvendrellturisme.com\/es\/wp-json\/wp\/v2\/dipi_cpt_category?post=25388"}],"curies":[{"name":"wp","href":"https:\/\/api.w.org\/{rel}","templated":true}]}}