{"id":25389,"date":"2020-04-30T13:39:06","date_gmt":"2020-04-30T13:39:06","guid":{"rendered":"http:\/\/tv.dms3labs.cat\/felicitar-el-museo-deu-por-su-25-aniversario-tiene-premio\/"},"modified":"2020-04-30T13:39:06","modified_gmt":"2020-04-30T13:39:06","slug":"felicitar-el-museo-deu-por-su-25-aniversario-tiene-premio","status":"publish","type":"post","link":"https:\/\/www.elvendrellturisme.com\/es\/felicitar-el-museo-deu-por-su-25-aniversario-tiene-premio\/","title":{"rendered":"Felicitar el Museo Deu por su 25 aniversario tiene premio"},"content":{"rendered":"<p>El Vendrell, 28 de abril de 2020<\/p>\n<p>Este mi\u00e9rcoles 29 de abril el Museo Deu celebra su 25 aniversario.<\/p>\n<p>Hace 25 a\u00f1os que el Museo Deu abri\u00f3 sus puertas por primera vez, y durante todo este tiempo se ha trabajado por ser el museo de los vendrellenses y las vendrellensas, el museo de todos!<\/p>\n<p>Ahora toca celebrarlo confinados, pero con la esperanza de que pronto volveremos a ver visitantes a la exposici\u00f3n permanente y las temporales; asistiendo a conciertos, charlas, maridajes, presentaciones &#8230;; participando de las actividades familiares, pedag\u00f3gicas, talleres &#8230;, y, en definitiva, compartiendo este espacio tan emblem\u00e1tico de El Vendrell.<\/p>\n<p>En estos momentos, la celebraci\u00f3n se realizar\u00e1 de forma telem\u00e1tica y se anima a los ni\u00f1os y las ni\u00f1as a hacer una felicitaci\u00f3n donde aparezca el n\u00famero 25 con motivo de este aniversario tan especial del Museo Diez Una vez hecho esta felicitaci\u00f3n, se le debe hacer una una foto para poder enviar al correo electr\u00f3nico museudeu1@gmail.com indicando el nombre del ni\u00f1o o ni\u00f1a que ha hecho la felicitaci\u00f3n, la edad y un tel\u00e9fono de contacto. Entre todos los dibujos recibidos hasta el 18 de mayo, D\u00eda Internacional de los Museos, se har\u00e1 un sorteo con premios, algunos de los cuales se habr\u00e1n de disfrutar una vez finalice el confinamiento y con fecha de caducidad del diciembre de 2021.<\/p>\n<p>Los premios son entradas al TAG, en el Auditorio Pau Casals, en el refugio de animales &quot;Mundo-La Balsa&quot;, el circuito termal del Balneario TermaEuropa, a disfrutar de la actividad de snorkeling en el Aula Acu\u00e1tica de la reserva marina mas\u00eda Blanca, a trepar por los \u00e1rboles en el parque l\u00fadico Diver, a una comida familiar en el restaurante Le M\u00e9ridien Ra Beach Hotel &#038; Spa, a visitas familiares a las bodegas Augustus Forum, a leer en familia Peque\u00f1as historias y a degustar en casa un lote de vino y cava DO Pened\u00e8s.<\/p>\n<p>Por otra parte, el Museo Deu quiere estar presentes en las casas, que se hable de las cosas que se han hecho en el Museo Deu, en su jard\u00edn, en la Sala de las Alfombras &#8230;, y seguir las redes sociales donde, del 29 de abril a 3 de mayo, se publicar\u00e1n cosas curiosas de la historia del museo (#museudeuacasa # museudeu25anys).<\/p>\n","protected":false},"excerpt":{"rendered":"<p>El Vendrell, 28 de abril de 2020 Este mi\u00e9rcoles 29 de abril el Museo Deu celebra su 25 aniversario. Hace 25 a\u00f1os que el Museo Deu abri\u00f3 sus puertas por primera vez, y durante todo este tiempo se ha trabajado por ser el museo de los vendrellenses y las vendrellensas, el museo de todos! Ahora [&hellip;]<\/p>\n","protected":false},"author":1,"featured_media":20312,"comment_status":"open","ping_status":"closed","sticky":false,"template":"","format":"standard","meta":{"_acf_changed":false,"_et_pb_use_builder":"","_et_pb_old_content":"","_et_gb_content_width":"","content-type":"","footnotes":""},"categories":[],"tags":[],"dipi_cpt_category":[],"class_list":["post-25389","post","type-post","status-publish","format-standard","has-post-thumbnail","hentry"],"acf":[],"_links":{"self":[{"href":"https:\/\/www.elvendrellturisme.com\/es\/wp-json\/wp\/v2\/posts\/25389","targetHints":{"allow":["GET"]}}],"collection":[{"href":"https:\/\/www.elvendrellturisme.com\/es\/wp-json\/wp\/v2\/posts"}],"about":[{"href":"https:\/\/www.elvendrellturisme.com\/es\/wp-json\/wp\/v2\/types\/post"}],"author":[{"embeddable":true,"href":"https:\/\/www.elvendrellturisme.com\/es\/wp-json\/wp\/v2\/users\/1"}],"replies":[{"embeddable":true,"href":"https:\/\/www.elvendrellturisme.com\/es\/wp-json\/wp\/v2\/comments?post=25389"}],"version-history":[{"count":0,"href":"https:\/\/www.elvendrellturisme.com\/es\/wp-json\/wp\/v2\/posts\/25389\/revisions"}],"wp:featuredmedia":[{"embeddable":true,"href":"https:\/\/www.elvendrellturisme.com\/es\/wp-json\/wp\/v2\/media\/20312"}],"wp:attachment":[{"href":"https:\/\/www.elvendrellturisme.com\/es\/wp-json\/wp\/v2\/media?parent=25389"}],"wp:term":[{"taxonomy":"category","embeddable":true,"href":"https:\/\/www.elvendrellturisme.com\/es\/wp-json\/wp\/v2\/categories?post=25389"},{"taxonomy":"post_tag","embeddable":true,"href":"https:\/\/www.elvendrellturisme.com\/es\/wp-json\/wp\/v2\/tags?post=25389"},{"taxonomy":"dipi_cpt_category","embeddable":true,"href":"https:\/\/www.elvendrellturisme.com\/es\/wp-json\/wp\/v2\/dipi_cpt_category?post=25389"}],"curies":[{"name":"wp","href":"https:\/\/api.w.org\/{rel}","templated":true}]}}