{"id":25392,"date":"2020-05-12T13:33:47","date_gmt":"2020-05-12T13:33:47","guid":{"rendered":"http:\/\/tv.dms3labs.cat\/el-pacto-de-comarruga-plantea-una-estrategia-comun-a-la-desescalada-de-la-covid-19\/"},"modified":"2020-05-12T13:33:47","modified_gmt":"2020-05-12T13:33:47","slug":"el-pacto-de-comarruga-plantea-una-estrategia-comun-a-la-desescalada-de-la-covid-19","status":"publish","type":"post","link":"https:\/\/www.elvendrellturisme.com\/es\/el-pacto-de-comarruga-plantea-una-estrategia-comun-a-la-desescalada-de-la-covid-19\/","title":{"rendered":"El Pacto de Comarruga plantea una estrategia com\u00fan a la desescalada de la Covid-19"},"content":{"rendered":"<p>El Vendrell, 12 de mayo de 2020<\/p>\n<p>Ayer, por la tarde, tuvo lugar una segunda reuni\u00f3n del Pacto de Comarruga, esta vez de forma telem\u00e1tica, en la que participaron concejales de los \u00e1mbitos de Playas y de Medio Ambiente de un total de diecis\u00e9is municipios de costa, desde Sitges hasta Vandell\u00f3s y Hospitalet de l&#8217;Infant, a fin de plantear una estrategia com\u00fan a la desescalada de la Covid-19 para la apertura de las playas.<\/p>\n<p>En esta ocasi\u00f3n, los once ayuntamientos de la primera reuni\u00f3n, celebrada el pasado mes de febrero en la Oficina de Turismo de Comarruga, se han unido Vila-seca, Salou, Cambrils, Mont-roig del Camp \/ Miami Playa y Vandell\u00f3s y Hospitalet de l&#8217;Infant. En global, este conjunto de municipios comparten 110 kil\u00f3metros de costa con espacios naturales comunes m\u00e1s all\u00e1 de las barreras f\u00edsicas o pol\u00edticas.<\/p>\n<p>El objetivo de la reuni\u00f3n fue resolver dudas y plantear l\u00edneas de actuaci\u00f3n conjuntas para poder abrir las playas esta temporada garantizando la seguridad sanitaria para los vecinos y vecinas y las personas que visitan estos municipios, y con el compromiso adquirido en la primera reuni\u00f3n de realizar una gesti\u00f3n sostenible del litoral con el mantenimiento de los ecosistemas naturales.<\/p>\n<p>Otro eje importante de trabajo es la necesidad de re-impulsar la econom\u00eda, principalmente basada en el turismo en pr\u00e1cticamente todos los municipios reunidos, pactando unas medidas para reducir los efectos que ha causado la pandemia en la econom\u00eda municipal y social por el paro de la actividad comercial, entre otros.<br \/>\nLos diecis\u00e9is municipios llegaron ayer al compromiso de hacer una gesti\u00f3n de las playas garantizando la equidad social, la viabilidad econ\u00f3mica y la sostenibilidad ambiental. En este sentido, los participantes se emplazaron a hacer una nueva reuni\u00f3n la pr\u00f3xima semana para consensuar las medidas adecuadas.<\/p>\n","protected":false},"excerpt":{"rendered":"<p>El Vendrell, 12 de mayo de 2020 Ayer, por la tarde, tuvo lugar una segunda reuni\u00f3n del Pacto de Comarruga, esta vez de forma telem\u00e1tica, en la que participaron concejales de los \u00e1mbitos de Playas y de Medio Ambiente de un total de diecis\u00e9is municipios de costa, desde Sitges hasta Vandell\u00f3s y Hospitalet de l&#8217;Infant, [&hellip;]<\/p>\n","protected":false},"author":1,"featured_media":20324,"comment_status":"open","ping_status":"closed","sticky":false,"template":"","format":"standard","meta":{"_acf_changed":false,"_et_pb_use_builder":"","_et_pb_old_content":"","_et_gb_content_width":"","content-type":"","footnotes":""},"categories":[],"tags":[],"dipi_cpt_category":[],"class_list":["post-25392","post","type-post","status-publish","format-standard","has-post-thumbnail","hentry"],"acf":[],"_links":{"self":[{"href":"https:\/\/www.elvendrellturisme.com\/es\/wp-json\/wp\/v2\/posts\/25392","targetHints":{"allow":["GET"]}}],"collection":[{"href":"https:\/\/www.elvendrellturisme.com\/es\/wp-json\/wp\/v2\/posts"}],"about":[{"href":"https:\/\/www.elvendrellturisme.com\/es\/wp-json\/wp\/v2\/types\/post"}],"author":[{"embeddable":true,"href":"https:\/\/www.elvendrellturisme.com\/es\/wp-json\/wp\/v2\/users\/1"}],"replies":[{"embeddable":true,"href":"https:\/\/www.elvendrellturisme.com\/es\/wp-json\/wp\/v2\/comments?post=25392"}],"version-history":[{"count":0,"href":"https:\/\/www.elvendrellturisme.com\/es\/wp-json\/wp\/v2\/posts\/25392\/revisions"}],"wp:featuredmedia":[{"embeddable":true,"href":"https:\/\/www.elvendrellturisme.com\/es\/wp-json\/wp\/v2\/media\/20324"}],"wp:attachment":[{"href":"https:\/\/www.elvendrellturisme.com\/es\/wp-json\/wp\/v2\/media?parent=25392"}],"wp:term":[{"taxonomy":"category","embeddable":true,"href":"https:\/\/www.elvendrellturisme.com\/es\/wp-json\/wp\/v2\/categories?post=25392"},{"taxonomy":"post_tag","embeddable":true,"href":"https:\/\/www.elvendrellturisme.com\/es\/wp-json\/wp\/v2\/tags?post=25392"},{"taxonomy":"dipi_cpt_category","embeddable":true,"href":"https:\/\/www.elvendrellturisme.com\/es\/wp-json\/wp\/v2\/dipi_cpt_category?post=25392"}],"curies":[{"name":"wp","href":"https:\/\/api.w.org\/{rel}","templated":true}]}}