{"id":25394,"date":"2020-05-23T10:56:48","date_gmt":"2020-05-23T10:56:48","guid":{"rendered":"http:\/\/tv.dms3labs.cat\/la-tabla-de-municipios-por-un-litoral-sostenible-solicita-medidas-a-la-generalitat-y-al-estado\/"},"modified":"2020-05-23T10:56:48","modified_gmt":"2020-05-23T10:56:48","slug":"la-tabla-de-municipios-por-un-litoral-sostenible-solicita-medidas-a-la-generalitat-y-al-estado","status":"publish","type":"post","link":"https:\/\/www.elvendrellturisme.com\/es\/la-tabla-de-municipios-por-un-litoral-sostenible-solicita-medidas-a-la-generalitat-y-al-estado\/","title":{"rendered":"La Tabla de Municipios por un Litoral Sostenible solicita medidas a la Generalitat y al Estado"},"content":{"rendered":"<p>Los municipios de Sitges, Vilanova, Cubelles, Cunit, Calafell, El Vendrell, Roda de Bar\u00e1, Creixell, Torredembarra, Altafulla, Tarragona, Vila-seca, Salou, Cambrils, Mont-roig del Camp y Villanueva del infante, que representan 110 km del litoral mediterr\u00e1neo, se han reunido esta tarde para trabajar por una gesti\u00f3n sostenible de nuestro litoral ya la vez planificar acciones para la apertura de playas este 2020 aplicando todas las medidas posibles para la prevenci\u00f3n del contagio, ofreciendo nuestro litoral como un espacio saludable y fuente de salud.<\/p>\n<p>Esta unidad geogr\u00e1fica de gesti\u00f3n litoral se acord\u00f3 el 19 de febrero de 2020 al Pacto de Comarruga para la gesti\u00f3n Sostenible del Litoral y, a partir de ahora, la designaremos por acuerdo de los 17 municipios con el nombre de TABLA DE MUNICIPIOS PARA UN LITORAL SOSTENIBLE<br \/>\nEste proyecto de Gesti\u00f3n Conjunta del Litoral ha pasado por dos crisis: una primera crisis litoral con motivo de los fuertes temporales que cada vez arrasan m\u00e1s<br \/>\na menudo nuestras playas destrozando la naturaleza y la primera barrera protectora de muchos espacios urbanos, y una segunda crisis sanitaria en la que la naturaleza ser\u00e1 clave<br \/>\npara la recuperaci\u00f3n.<\/p>\n<p>Sin sostenibilidad no tenemos naturaleza y sin naturaleza no hay salud; por lo tanto, tenemos que gestionar de forma conjunta sostenibilidad y salud.<br \/>\nSin embargo, tambi\u00e9n necesitamos la recuperaci\u00f3n econ\u00f3mica de las actividades desarrolladas en el litoral, de las que dependen, directa o indirectamente, muchos sectores como el tur\u00edstico, base principal de la econom\u00eda de la mayor\u00eda de nuestros municipios. Para esta tarea queremos gestionar nuestro litoral en base a los tres pilares del desarrollo sostenible: econ\u00f3micamente viable, socialmente equitativo y ambientalmente sostenible.<br \/>\nPor esta raz\u00f3n hemos firmado 2 pactos dirigidos a la Generalitat y al Ministerio para la Transici\u00f3n Ecol\u00f3gica (MITECO) solicitando resoluciones y medidas necesarias para la recuperaci\u00f3n en todos los \u00e1mbitos.<\/p>\n<p>1\u00ba Solicitud a la Direcci\u00f3n General de Sostenibilidad de la Costa y del Mar del Ministerio para la transici\u00f3n Ecol\u00f3gica<\/p>\n<p>Debido a la declaraci\u00f3n del Estado de Alarma se restringi\u00f3 la libertad de circulaci\u00f3n de personas y con esta se produjo paro de gran parte de las actividades econ\u00f3micas de sectores y empresas como el de la restauraci\u00f3n, el turismo, los servicios, etc.<br \/>\nEl sector econ\u00f3mico de pr\u00e1cticamente todos los ayuntamientos solicitantes depende del turismo, paralizado por la pandemia -como muchos otros- con el litoral como<br \/>\nprincipal servicio y atractivo.<br \/>\nLa apertura de las playas autoriza al alcanzar la FASE III, lo que supone el retraso de la activaci\u00f3n empresarial y econ\u00f3mica en zonas de gran dinamismo durante la temporada estival, ralentizando la recuperaci\u00f3n econ\u00f3mica de muchas empresas, sobre todo las dependientes del turismo, y su efecto multiplicador.<br \/>\nPr\u00e1cticamente la totalidad de las empresas con actividades sobre la Zona de Servidumbre de Protecci\u00f3n y sobre la zona de Dominio Publico Mar\u00edtimo Terrestre son las m\u00e1s afectadas ya estas se les requiere un canon por parte del Estado para uso privativo.<br \/>\nPor este motivo los ayuntamientos solicitamos la exoneraci\u00f3n de las tasas de empleo desde el comienzo de la pandemia hasta finales de 2020 a los adjudicatarios y<br \/>\nconcesionarios de las actividades del Plan de Usos y de las Concesiones.<\/p>\n<p>2\u00ba Solicitud al Departamento de Territorio y Sostenibilidad de la Generalidad de Catalu\u00f1a<\/p>\n<p>Debido a la declaraci\u00f3n del Estado de Alarma el paro de la administraci\u00f3n afecta a los plazos administrativos y se est\u00e1 demorando la resoluci\u00f3n de los expedientes<br \/>\nde autorizaci\u00f3n de los servicios de temporada de playas solicitados por el Plan de Usos 2020.<br \/>\nA fecha de hoy no se conoce cuando se podr\u00e1n iniciar las tareas de montaje de los servicios necesarios para los usuarios de la playa p\u00fablicos ni privados.<br \/>\nY aunque no tenemos conocimiento de los requerimientos para desarrollar las actividades p\u00fablicas y privadas del Plan de Usos con todas las garant\u00edas sanitarias.<br \/>\nEl montaje de las instalaciones requiere un per\u00edodo considerable previo a la apertura para adaptar las instalaciones a los nuevos requerimientos de seguridad sanitaria.<\/p>\n<p>Por todo ello pedimos:<br \/>\n1- La resoluci\u00f3n de los expedientes de los Planes de Usos de 2020 o la pr\u00f3rroga de los planes de Usos del 2019 con celeridad.<br \/>\n2- Autorizaci\u00f3n para comenzar el montaje de las instalaciones de servicios p\u00fablicos y privados con m\u00e1s de 15 d\u00edas de antelaci\u00f3n, o como muy tarde el 25 de<br \/>\nmayo.<br \/>\n3- Recibir la informaci\u00f3n de los requerimientos de seguridad y distanciamiento sanitarios.<\/p>\n<p>El inter\u00e9s principal de estas demandas es favorecer la recuperaci\u00f3n econ\u00f3mica y la reactivaci\u00f3n de los servicios con todas las garant\u00edas sanitarias para ofrecer la seguridad<br \/>\nnecesaria y contener la expansi\u00f3n del virus. Con el objetivo de que los usuarios puedan disfrutar de los espacios litorales en las mejores condiciones a la vez que protegemos<br \/>\nnuestros ecosistemas con espacios saludables y de salud para la sociedad. Para garantizar a los usuarios unas playas con los servicios adecuados a la prevenci\u00f3n del<br \/>\ncontagio, gestion\u00e1ndose las sosteniblemente.<br \/>\nPor otra parte, hacemos un llamamiento a la colaboraci\u00f3n ciudadana para que act\u00fae con sensatez, con el respeto a las normas y medidas de distanciamiento sanitarias,<br \/>\nal desplazamiento sostenible para ayudar a mantener el aliento que le hemos dado a nuestro litoral, que ser\u00e1 el espacio de socializaci\u00f3n saludable y de salud. S\u00f3lo conseguiremos contener la pandemia todos juntos.<\/p>\n","protected":false},"excerpt":{"rendered":"<p>Los municipios de Sitges, Vilanova, Cubelles, Cunit, Calafell, El Vendrell, Roda de Bar\u00e1, Creixell, Torredembarra, Altafulla, Tarragona, Vila-seca, Salou, Cambrils, Mont-roig del Camp y Villanueva del infante, que representan 110 km del litoral mediterr\u00e1neo, se han reunido esta tarde para trabajar por una gesti\u00f3n sostenible de nuestro litoral ya la vez planificar acciones para la [&hellip;]<\/p>\n","protected":false},"author":1,"featured_media":20332,"comment_status":"open","ping_status":"closed","sticky":false,"template":"","format":"standard","meta":{"_acf_changed":false,"_et_pb_use_builder":"","_et_pb_old_content":"","_et_gb_content_width":"","content-type":"","footnotes":""},"categories":[],"tags":[],"dipi_cpt_category":[],"class_list":["post-25394","post","type-post","status-publish","format-standard","has-post-thumbnail","hentry"],"acf":[],"_links":{"self":[{"href":"https:\/\/www.elvendrellturisme.com\/es\/wp-json\/wp\/v2\/posts\/25394","targetHints":{"allow":["GET"]}}],"collection":[{"href":"https:\/\/www.elvendrellturisme.com\/es\/wp-json\/wp\/v2\/posts"}],"about":[{"href":"https:\/\/www.elvendrellturisme.com\/es\/wp-json\/wp\/v2\/types\/post"}],"author":[{"embeddable":true,"href":"https:\/\/www.elvendrellturisme.com\/es\/wp-json\/wp\/v2\/users\/1"}],"replies":[{"embeddable":true,"href":"https:\/\/www.elvendrellturisme.com\/es\/wp-json\/wp\/v2\/comments?post=25394"}],"version-history":[{"count":0,"href":"https:\/\/www.elvendrellturisme.com\/es\/wp-json\/wp\/v2\/posts\/25394\/revisions"}],"wp:featuredmedia":[{"embeddable":true,"href":"https:\/\/www.elvendrellturisme.com\/es\/wp-json\/wp\/v2\/media\/20332"}],"wp:attachment":[{"href":"https:\/\/www.elvendrellturisme.com\/es\/wp-json\/wp\/v2\/media?parent=25394"}],"wp:term":[{"taxonomy":"category","embeddable":true,"href":"https:\/\/www.elvendrellturisme.com\/es\/wp-json\/wp\/v2\/categories?post=25394"},{"taxonomy":"post_tag","embeddable":true,"href":"https:\/\/www.elvendrellturisme.com\/es\/wp-json\/wp\/v2\/tags?post=25394"},{"taxonomy":"dipi_cpt_category","embeddable":true,"href":"https:\/\/www.elvendrellturisme.com\/es\/wp-json\/wp\/v2\/dipi_cpt_category?post=25394"}],"curies":[{"name":"wp","href":"https:\/\/api.w.org\/{rel}","templated":true}]}}