{"id":25397,"date":"2020-06-05T13:59:12","date_gmt":"2020-06-05T13:59:12","guid":{"rendered":"http:\/\/tv.dms3labs.cat\/inicio-de-obras-del-feder-de-comarruga\/"},"modified":"2020-06-05T13:59:12","modified_gmt":"2020-06-05T13:59:12","slug":"inicio-de-obras-del-feder-de-comarruga","status":"publish","type":"post","link":"https:\/\/www.elvendrellturisme.com\/es\/inicio-de-obras-del-feder-de-comarruga\/","title":{"rendered":"Inicio de obras del Feder de Comarruga"},"content":{"rendered":"<p>El lunes d\u00eda 8 de junio se cerrar\u00e1 la Plaza Germans Trillas por las obras de urbanizaci\u00f3n previstas en el Proyecto Feder. Este proyecto tiene como objetivo la reordenaci\u00f3n y mejora del espacio urbano del centro de Coma-ruga. Las obras comenzar\u00e1n por la plaza y posteriormente se actuar\u00e1 alrededor del lago, con la restauraci\u00f3n de la estructura arquitect\u00f3nica que la rodea, y en el entorno inmediato del edificio Tabar\u00eds. Esta obra de urbanizaci\u00f3n incluye la renovaci\u00f3n total de los pavimentos, los servicios urbanos soterrados, el ajardinamiento, la se\u00f1alizaci\u00f3n y el mobiliario urbano. <\/p>\n<p>Los objetivos principales de este proyecto de urbanizaci\u00f3n son:<\/p>\n<p>&#8211; Recuperar el centro de Comarruga para la ciudadan\u00eda, para que se convierta en un espacio renovado atractivo para los vecinos y vecinas, y visitantes, para el desarrollo de actividades de ocio y para la implantaci\u00f3n de actividades econ\u00f3micas.<br \/>\n&#8211; Pacificar este espacio central priorizando la movilidad a pie y en bicicleta frente al tr\u00e1nsito de veh\u00edculos.<br \/>\n&#8211; Mejorar y dar continuidad a la conexi\u00f3n entre el centro urbano y el paseo mar\u00edtimo.<br \/>\n&#8211; Potenciar y recuperar los valores naturales del territorio donde se implanta el n\u00facleo urbano de Comarruga.<br \/>\n&#8211; Utilizar materiales que contribuyen a la reducci\u00f3n de la contaminaci\u00f3n, como pavimentos que absorben el CO 2 .<\/p>\n<p>La redacci\u00f3n de proyecto b\u00e1sico y ejecutivo ha sido realizada por el despacho de ingenieros SBS SIM\u00d3N I BLANCO, SLP y la obra se ha adjudicado a la UTE VOLTES CONNECTA-VOLTES. El proyecto Feder se debe ejecutar antes de final de este a\u00f1o para cumplir las condiciones de la subvenci\u00f3n y su presupuesto es de 992.067,99 euros, IVA incluido.<br \/>\nEsta actuaci\u00f3n incluye tambi\u00e9n la recuperaci\u00f3n de tres elementos patrimoniales emblem\u00e1ticos: la restauraci\u00f3n de la estructura arquitect\u00f3nica del Lago, de la Fuente de la Rosaleda y del espacio adyacente de la fuente. Estos trabajos han sido adjudicados a la UTE LESENA, SERVEI INTEGRAL AL PATRIMONI SLU &#8211; ALFI BIOCON SL, por un importe 72.982,20 euros, IVA incluido.<br \/>\nEl Feder de Comarruga, adem\u00e1s de esta obra de urbanizaci\u00f3n, incluye tambi\u00e9n la rehabilitaci\u00f3n del edificio del Tabar\u00eds, proyecto que en estos momentos est\u00e1 en fase de redacci\u00f3n.<\/p>\n<p>Esta acci\u00f3n est\u00e1 incluida en el proyecto &quot;Recuperaci\u00f3n y dinamizaci\u00f3n del espacio p\u00fablico y elementos patrimoniales del centro urbano de Comarruga como elementos estrat\u00e9gicos de fomento de la actividad tur\u00edstica y econ\u00f3mica&quot;, cofinanciado por el Fondo Europeo de Desarrollo Regional (FEDER ) de la Uni\u00f3n europea, en el marco del Programa operativo FEDER de Catalu\u00f1a 2014-2020. Objetivo de inversi\u00f3n en crecimiento y empleo.<\/p>\n<p>\ufeff<\/p>\n","protected":false},"excerpt":{"rendered":"<p>El lunes d\u00eda 8 de junio se cerrar\u00e1 la Plaza Germans Trillas por las obras de urbanizaci\u00f3n previstas en el Proyecto Feder. Este proyecto tiene como objetivo la reordenaci\u00f3n y mejora del espacio urbano del centro de Coma-ruga. Las obras comenzar\u00e1n por la plaza y posteriormente se actuar\u00e1 alrededor del lago, con la restauraci\u00f3n de [&hellip;]<\/p>\n","protected":false},"author":1,"featured_media":20344,"comment_status":"open","ping_status":"closed","sticky":false,"template":"","format":"standard","meta":{"_acf_changed":false,"_et_pb_use_builder":"","_et_pb_old_content":"","_et_gb_content_width":"","content-type":"","footnotes":""},"categories":[],"tags":[],"dipi_cpt_category":[],"class_list":["post-25397","post","type-post","status-publish","format-standard","has-post-thumbnail","hentry"],"acf":[],"_links":{"self":[{"href":"https:\/\/www.elvendrellturisme.com\/es\/wp-json\/wp\/v2\/posts\/25397","targetHints":{"allow":["GET"]}}],"collection":[{"href":"https:\/\/www.elvendrellturisme.com\/es\/wp-json\/wp\/v2\/posts"}],"about":[{"href":"https:\/\/www.elvendrellturisme.com\/es\/wp-json\/wp\/v2\/types\/post"}],"author":[{"embeddable":true,"href":"https:\/\/www.elvendrellturisme.com\/es\/wp-json\/wp\/v2\/users\/1"}],"replies":[{"embeddable":true,"href":"https:\/\/www.elvendrellturisme.com\/es\/wp-json\/wp\/v2\/comments?post=25397"}],"version-history":[{"count":0,"href":"https:\/\/www.elvendrellturisme.com\/es\/wp-json\/wp\/v2\/posts\/25397\/revisions"}],"wp:featuredmedia":[{"embeddable":true,"href":"https:\/\/www.elvendrellturisme.com\/es\/wp-json\/wp\/v2\/media\/20344"}],"wp:attachment":[{"href":"https:\/\/www.elvendrellturisme.com\/es\/wp-json\/wp\/v2\/media?parent=25397"}],"wp:term":[{"taxonomy":"category","embeddable":true,"href":"https:\/\/www.elvendrellturisme.com\/es\/wp-json\/wp\/v2\/categories?post=25397"},{"taxonomy":"post_tag","embeddable":true,"href":"https:\/\/www.elvendrellturisme.com\/es\/wp-json\/wp\/v2\/tags?post=25397"},{"taxonomy":"dipi_cpt_category","embeddable":true,"href":"https:\/\/www.elvendrellturisme.com\/es\/wp-json\/wp\/v2\/dipi_cpt_category?post=25397"}],"curies":[{"name":"wp","href":"https:\/\/api.w.org\/{rel}","templated":true}]}}