{"id":25399,"date":"2020-06-11T12:55:57","date_gmt":"2020-06-11T12:55:57","guid":{"rendered":"http:\/\/tv.dms3labs.cat\/las-playas-de-coma-ruga-sant-salvador-y-el-francas-obtienen-la-bandera-azul-2020\/"},"modified":"2020-06-11T12:55:57","modified_gmt":"2020-06-11T12:55:57","slug":"las-playas-de-coma-ruga-sant-salvador-y-el-francas-obtienen-la-bandera-azul-2020","status":"publish","type":"post","link":"https:\/\/www.elvendrellturisme.com\/es\/las-playas-de-coma-ruga-sant-salvador-y-el-francas-obtienen-la-bandera-azul-2020\/","title":{"rendered":"Las playas de Coma-ruga, Sant Salvador y el Franc\u00e0s obtienen la Bandera Azul 2020"},"content":{"rendered":"<p>El ADEAC-FEE (Asociaci\u00f3n de Educaci\u00f3n Ambiental y del Consumidor) ha otorgado, un a\u00f1o m\u00e1s, la bandera azul en las tres playas de El Vendrell: Comarruga, San Salvador y el Franc\u00e0s.<\/p>\n<p>Este galard\u00f3n, reconocido a nivel internacional, valora y premia la gesti\u00f3n ambiental y la seguridad, las instalaciones y la prestaci\u00f3n \u00f3ptima de los servicios y la informaci\u00f3n y la educaci\u00f3n ambiental, asimismo exige a las playas una calidad del agua excelente \u00b7 lento.<\/p>\n<p>Para la obtenci\u00f3n de las banderas azules, son claves las tareas de mantenimiento de las playas que se hacen durante todo el a\u00f1o para mantenerlas, ya que son se\u00f1al de la calidad de las playas y del respeto al medio ambiente, factores determinantes para su obtenci\u00f3n que quedan reforzados con las ISO 9001: 2015 y 14001.2015.<\/p>\n","protected":false},"excerpt":{"rendered":"<p>El ADEAC-FEE (Asociaci\u00f3n de Educaci\u00f3n Ambiental y del Consumidor) ha otorgado, un a\u00f1o m\u00e1s, la bandera azul en las tres playas de El Vendrell: Comarruga, San Salvador y el Franc\u00e0s. Este galard\u00f3n, reconocido a nivel internacional, valora y premia la gesti\u00f3n ambiental y la seguridad, las instalaciones y la prestaci\u00f3n \u00f3ptima de los servicios y [&hellip;]<\/p>\n","protected":false},"author":1,"featured_media":20352,"comment_status":"open","ping_status":"closed","sticky":false,"template":"","format":"standard","meta":{"_acf_changed":false,"_et_pb_use_builder":"","_et_pb_old_content":"","_et_gb_content_width":"","content-type":"","footnotes":""},"categories":[],"tags":[],"dipi_cpt_category":[],"class_list":["post-25399","post","type-post","status-publish","format-standard","has-post-thumbnail","hentry"],"acf":[],"_links":{"self":[{"href":"https:\/\/www.elvendrellturisme.com\/es\/wp-json\/wp\/v2\/posts\/25399","targetHints":{"allow":["GET"]}}],"collection":[{"href":"https:\/\/www.elvendrellturisme.com\/es\/wp-json\/wp\/v2\/posts"}],"about":[{"href":"https:\/\/www.elvendrellturisme.com\/es\/wp-json\/wp\/v2\/types\/post"}],"author":[{"embeddable":true,"href":"https:\/\/www.elvendrellturisme.com\/es\/wp-json\/wp\/v2\/users\/1"}],"replies":[{"embeddable":true,"href":"https:\/\/www.elvendrellturisme.com\/es\/wp-json\/wp\/v2\/comments?post=25399"}],"version-history":[{"count":0,"href":"https:\/\/www.elvendrellturisme.com\/es\/wp-json\/wp\/v2\/posts\/25399\/revisions"}],"wp:featuredmedia":[{"embeddable":true,"href":"https:\/\/www.elvendrellturisme.com\/es\/wp-json\/wp\/v2\/media\/20352"}],"wp:attachment":[{"href":"https:\/\/www.elvendrellturisme.com\/es\/wp-json\/wp\/v2\/media?parent=25399"}],"wp:term":[{"taxonomy":"category","embeddable":true,"href":"https:\/\/www.elvendrellturisme.com\/es\/wp-json\/wp\/v2\/categories?post=25399"},{"taxonomy":"post_tag","embeddable":true,"href":"https:\/\/www.elvendrellturisme.com\/es\/wp-json\/wp\/v2\/tags?post=25399"},{"taxonomy":"dipi_cpt_category","embeddable":true,"href":"https:\/\/www.elvendrellturisme.com\/es\/wp-json\/wp\/v2\/dipi_cpt_category?post=25399"}],"curies":[{"name":"wp","href":"https:\/\/api.w.org\/{rel}","templated":true}]}}