{"id":25402,"date":"2020-06-15T12:55:45","date_gmt":"2020-06-15T12:55:45","guid":{"rendered":"http:\/\/tv.dms3labs.cat\/las-fiestas-del-pa-beneit-mantienen-algunos-actos-de-forma-presenciales\/"},"modified":"2020-06-15T12:55:45","modified_gmt":"2020-06-15T12:55:45","slug":"las-fiestas-del-pa-beneit-mantienen-algunos-actos-de-forma-presenciales","status":"publish","type":"post","link":"https:\/\/www.elvendrellturisme.com\/es\/las-fiestas-del-pa-beneit-mantienen-algunos-actos-de-forma-presenciales\/","title":{"rendered":"Las Fiestas del Pa Beneit mantienen algunos actos de forma presenciales"},"content":{"rendered":"<p>Las comisiones de los barrios han renunciado la subvenci\u00f3n que el Ayuntamiento destine este dinero a causas sociales.<\/p>\n<p>Esta semana, la mayor\u00eda de las comisiones de los barrios han comunicado que renuncian la subvenci\u00f3n que el Ayuntamiento pueda destinar un total de 12.000 euros a causas sociales.<\/p>\n<p>Por otra parte, los actos se adaptar\u00e1n a la actual situaci\u00f3n provocada por la pandemia del Covid-19 para una fiesta segura, responsable y apto para todos. En este sentido, se est\u00e1 trabajando de forma coordinada para que se puedan hacer algunos de los actos de forma prersencial como es el caso del repique de campanas y los cohetes, las madrugadas, el cercabarri de parejas y las cenas de vecinos en la calle. El resto de actividades previstas se retransmitir\u00e1n de forma virtual mediante las redes sociales.<\/p>\n<p>El concejal de Fiestas, Christian Soriano, ha agradecido el gesto de las comisiones de los barrios de renunciar la subvenci\u00f3n para poder destinar m\u00e1s recursos a ayudas sociales y paliar as\u00ed las consecuencias negativas de la pandemia del Covid-19. Y ha instado a la ciudadan\u00eda a vivir las Fiestas del Pa Beneit de la mejor manera posible adapt\u00e1ndose a la situaci\u00f3n actual.<\/p>\n","protected":false},"excerpt":{"rendered":"<p>Las comisiones de los barrios han renunciado la subvenci\u00f3n que el Ayuntamiento destine este dinero a causas sociales. Esta semana, la mayor\u00eda de las comisiones de los barrios han comunicado que renuncian la subvenci\u00f3n que el Ayuntamiento pueda destinar un total de 12.000 euros a causas sociales. Por otra parte, los actos se adaptar\u00e1n a [&hellip;]<\/p>\n","protected":false},"author":1,"featured_media":20364,"comment_status":"open","ping_status":"closed","sticky":false,"template":"","format":"standard","meta":{"_acf_changed":false,"_et_pb_use_builder":"","_et_pb_old_content":"","_et_gb_content_width":"","content-type":"","footnotes":""},"categories":[],"tags":[],"dipi_cpt_category":[],"class_list":["post-25402","post","type-post","status-publish","format-standard","has-post-thumbnail","hentry"],"acf":[],"_links":{"self":[{"href":"https:\/\/www.elvendrellturisme.com\/es\/wp-json\/wp\/v2\/posts\/25402","targetHints":{"allow":["GET"]}}],"collection":[{"href":"https:\/\/www.elvendrellturisme.com\/es\/wp-json\/wp\/v2\/posts"}],"about":[{"href":"https:\/\/www.elvendrellturisme.com\/es\/wp-json\/wp\/v2\/types\/post"}],"author":[{"embeddable":true,"href":"https:\/\/www.elvendrellturisme.com\/es\/wp-json\/wp\/v2\/users\/1"}],"replies":[{"embeddable":true,"href":"https:\/\/www.elvendrellturisme.com\/es\/wp-json\/wp\/v2\/comments?post=25402"}],"version-history":[{"count":0,"href":"https:\/\/www.elvendrellturisme.com\/es\/wp-json\/wp\/v2\/posts\/25402\/revisions"}],"wp:featuredmedia":[{"embeddable":true,"href":"https:\/\/www.elvendrellturisme.com\/es\/wp-json\/wp\/v2\/media\/20364"}],"wp:attachment":[{"href":"https:\/\/www.elvendrellturisme.com\/es\/wp-json\/wp\/v2\/media?parent=25402"}],"wp:term":[{"taxonomy":"category","embeddable":true,"href":"https:\/\/www.elvendrellturisme.com\/es\/wp-json\/wp\/v2\/categories?post=25402"},{"taxonomy":"post_tag","embeddable":true,"href":"https:\/\/www.elvendrellturisme.com\/es\/wp-json\/wp\/v2\/tags?post=25402"},{"taxonomy":"dipi_cpt_category","embeddable":true,"href":"https:\/\/www.elvendrellturisme.com\/es\/wp-json\/wp\/v2\/dipi_cpt_category?post=25402"}],"curies":[{"name":"wp","href":"https:\/\/api.w.org\/{rel}","templated":true}]}}