{"id":25406,"date":"2020-07-05T12:43:41","date_gmt":"2020-07-05T12:43:41","guid":{"rendered":"http:\/\/tv.dms3labs.cat\/el-ayuntamiento-del-vendrell-y-la-fundacion-pau-casals-homenajearan-la-orquesta-pau-casals-con-un-concierto-de-la-orquesta-sinfonica-camera-musicae-en-la-plaza-nueva-de-el-vendrell\/"},"modified":"2020-07-05T12:43:41","modified_gmt":"2020-07-05T12:43:41","slug":"el-ayuntamiento-del-vendrell-y-la-fundacion-pau-casals-homenajearan-la-orquesta-pau-casals-con-un-concierto-de-la-orquesta-sinfonica-camera-musicae-en-la-plaza-nueva-de-el-vendrell","status":"publish","type":"post","link":"https:\/\/www.elvendrellturisme.com\/es\/el-ayuntamiento-del-vendrell-y-la-fundacion-pau-casals-homenajearan-la-orquesta-pau-casals-con-un-concierto-de-la-orquesta-sinfonica-camera-musicae-en-la-plaza-nueva-de-el-vendrell\/","title":{"rendered":"El Ayuntamiento del Vendrell y la Fundaci\u00f3n Pau Casals homenajear\u00e1n la Orquesta Pau Casals con un concierto de la Orquesta Sinf\u00f3nica Camera Musicae en la Plaza Nueva de El Vendrell"},"content":{"rendered":"<p>El pr\u00f3ximo 12 de julio, a las 21.30 h, en la plaza Nueva de El Vendrell, tendr\u00e1 lugar un homenaje a la Orquesta Pau Casals, con un concierto al aire libre y gratuito de la Orquesta Sinf\u00f3nica Camera Musicae. La formaci\u00f3n, dirigida por Jordi Mora, contar\u00e1 con 40 m\u00fasicos que interpretar\u00e1n el Aria de la Suite n\u00fam. 3 en Re Mayor, BWV 1068 de JS Bach y la Sinfon\u00eda n\u00fam. 3, op. 55 &quot;Heroica&quot; de L. Van Beethoven.<\/p>\n<p>El concierto, organizado por el Ayuntamiento de El Vendrell y la Fundaci\u00f3n Pau Casals, ser\u00e1 retransmitido en directo el mismo d\u00eda 12 de julio en la Plaza del T\u00edvoli El Vendrell y en la Sala Polivalente del Museo Pau Casals en San Salvador y se podr\u00e1 ver tambi\u00e9n en directo para RTV El Vendrell. Adem\u00e1s, ser\u00e1 ofrecida en la Red de Televisiones Locales para su difusi\u00f3n por otras emisoras locales de Catalu\u00f1a, y el 14 de agosto, el concierto se podr\u00e1 ver en diferido por el Canal 33 y pr\u00f3ximamente se emitir\u00e1 tambi\u00e9n en Catalunya M\u00fasica.<\/p>\n<p>Este a\u00f1o 2020, la ciudad de El Vendrell es la Capital de la Cultura Catalana y la Fundaci\u00f3n Pau Casals conmemora el Centenario de la creaci\u00f3n de la Orquesta Pau Casals, reivindicando la historia y el impacto musical y social de la Orquesta y la figura de Pau Casals como director, con la programaci\u00f3n de actividades y proyectos a lo largo del per\u00edodo 2020 a 2021.<\/p>\n<p>El 10 de julio de 1927, los m\u00fasicos y miembros del Patronato de la Orquesta Pau Casals, junto con el Ayuntamiento de la villa de El Vendrell rindieron un homenaje a Pau Casals, nombr\u00e1ndolo hijo predilecto y organizando diversos actos, entre los cuales dos conciertos de la orquesta que \u00e9l mismo dirigi\u00f3: uno en la plaza Nueva (en ese momento Pi y Margall) donde interpretaron obras de Beethoven, Morera, Bach y Wagner, y otro en el Teatro T\u00edvoli.<\/p>\n<p>Para conmemorar esta efem\u00e9ride y coincidiendo con la celebraci\u00f3n del Centenario de la Orquesta Pau Casals y de la distinci\u00f3n del Vendrell como Capital de la Cultura Catalana, el pr\u00f3ximo 12 de julio la Orquesta Sinf\u00f3nica Camera Musicae interpretar\u00e1 una selecci\u00f3n de las obras interpretadas aquel mismo d\u00eda por la Orquesta Pau Casals.<\/p>\n<p>Este concierto deb\u00eda dar el pistoletazo de salida al Festival Internacional de M\u00fasica Pau Casals 2020, que ha sido cancelada \u2022 lat debido Covidien-19.<\/p>\n<p>Tal y como han explicado los organizadores, a pesar de que el objetivo del concierto era reproducir aquel homenaje hist\u00f3rico del a\u00f1o 27, la pandemia ha obligado a modificar el formato, reduciendo su aforo de p\u00fablico, pero en ning\u00fan caso el esp\u00edritu . As\u00ed, en la Plaza Nueva se ubicar\u00e1n una cuarentena de sillas, el T\u00edvoli 90 sillas m\u00e1s, mientras que en el Museo Pau Casals se instalar\u00e1n una treintena.<\/p>\n<p>En concreto, Jordi Pardo, director general de la Fundaci\u00f3n Pau Casals, ha destacado que &quot;aunque, desgraciadamente, por causa de la Covidien 19 no habr\u00e1 todo el p\u00fablico que nos hubiera gustado, lo que s\u00ed se mostrar\u00e1 el d\u00eda 12 es como cien a\u00f1os despu\u00e9s el Vendrell se acuerda de Casals, se acuerda de aquella gesta y esto quedar\u00e1 como un mensaje important\u00edsimo que podr\u00e1 llegar a todo el mundo &quot;. Pardo tambi\u00e9n ha resaltado la coincidencia del objetivo clave de la Orquesta Sinf\u00f3nica Camera Musicae con el esp\u00edritu de la Orquesta Pau Casals, que es &quot;abrir las audiencias, dirigirse a nuevos p\u00fablicos, popularizar la m\u00fasica cl\u00e1sica, pero tambi\u00e9n con un componente de innovaci\u00f3n importante &quot;.<\/p>\n<p>Por su parte, el alcalde de El Vendrell, Kenneth Mart\u00ednez, tambi\u00e9n ha querido hacer hincapi\u00e9 en la esencia del mensaje que se quiere transmitir con el concierto del d\u00eda 12 de julio: &quot;a pesar del cambio de formato, el objetivo sigue siendo el de homenajear al m\u00fasico y sobre todo el humanista y haci\u00e9ndolo con m\u00e1s raz\u00f3n durante esta pandemia &quot;. En este sentido, el alcalde ha asegurado que &quot;el mensaje que queremos enviar al mundo, con raz\u00f3n de la crisis sanitaria, debe ser que la cultura debe estar al frente de la sociedad para decir que no hay reto que no podamos superar &quot;. Mart\u00ednez tambi\u00e9n se refiri\u00f3 a la gran tarea del Maestro para hacer que la cultura llegara a todo el mundo y en esta l\u00ednea ha dicho que \u00e9sta ha sido y es la m\u00e1xima de todos los actos que se organizan como Capital de la Cultura Catalana 2020 .<\/p>\n<p>entradas<\/p>\n<p>Para acceder tanto a la Plaza Nueva como la Plaza del T\u00edvoli y en la Sala Polivalente del Museo Pau Casals (espacios donde se emitir\u00e1 en directo la proyecci\u00f3n del concierto), y debido a las restricciones de aforo decretadas debido COVID- 19, el acceso ser\u00e1 con entrada anticipada. Las entradas gratuitas se podr\u00e1n conseguir a trav\u00e9s de la p\u00e1gina web del Ayuntamiento a partir de la pr\u00f3xima semana y hasta agotar las localidades. El d\u00eda del concierto ser\u00e1 necesario acreditar la entrada de forma impresa o en un dispositivo m\u00f3vil. En el caso de la Sala Polivalente del Museo Pau Casals habr\u00e1 que hacer una reserva previa enviando un correo electr\u00f3nico a museu@paucasals.org o bien llamando al 977 68 42 76.<\/p>\n<p>10 DE JULIO DE 1927: HOMENAJE DEL VENDRELL A PAU CASALS<\/p>\n<p>El 10 de julio de 1927 los m\u00fasicos de la Orquesta Pau Casals tuvo la iniciativa de organizar un homenaje a Pau Casals como reconocimiento y agradecimiento a la tarea que estaba haciendo con su orquesta por toda Catalu\u00f1a. Se cre\u00f3 una comisi\u00f3n formada por los miembros de la Orquesta Pau Casals y miembros del Patronato para organizar este homenaje a su ciudad natal, El Vendrell, un acto amplio y popular que cont\u00f3 con diferentes eventos y conciertos que se desarrollaron durante todo el d\u00eda.<br \/>\nUno de los actos m\u00e1s importantes fue el concierto popular que Pau Casals dirigi\u00f3 con el su orquesta en la plaza Pi y Maragall, actual Plaza Nueva, donde interpretaron la Obertura Leonora n\u00ba 3 de Beethoven, la sardana Sierra Arriba de Enrique Morera, el Aria de Bach y la Apertura de Tannh\u00e4user de Wagner. La plaza se qued\u00f3 peque\u00f1a ante la multitud de personas y vendrellenses que no se quisieron perder una actuaci\u00f3n hist\u00f3rica. Las im\u00e1genes y el film que se conservan en son un buen testimonio.<br \/>\nAntes del concierto, Pau Casals fue nombrado hijo predilecto de El Vendrell por el entonces alcalde Jos\u00e9 Vilanova, quien le hizo entrega en el mismo acto de una batuta hecha de una madera de olivo borda salida de los pies del \u00c1ngel Tob\u00edas . La batuta se conserva en el Museo Pau Casals de San Salvador, junto con la placa de la Coral la Lira, una corneja que le ofreci\u00f3 la Uni\u00f3n Musical y un magn\u00edfico libro de firmas. Una vez terminado el acto del Ayuntamiento y la comitiva se dirigi\u00f3 a la calle de Montserrat para inaugurar la placa con el nombre de Pau Casals y posteriormente fueron a la Casa Nadiua, en la calle Santa Ana, donde se instal\u00f3 una placa conmemorativa, que hoy en d\u00eda todav\u00eda se puede ver colocada en la fachada.<br \/>\nDespu\u00e9s del concierto popular, en el Teatro T\u00edvoli se ofreci\u00f3 una comida con m\u00e1s de 300 invitados que sirvi\u00f3 el Hotel Ritz. Al terminar Pau Casals dirigi\u00f3 de nuevo la Orquesta Pau Casals interpretando obras de Weber, Beethoven, Boccherini, Wagner, Bach, Lohengrin y Rienzi.<br \/>\nEl concierto fue de pago y el dinero recaudado fueron a beneficio de El Vendrell.<br \/>\nEl 13 de octubre de 2020 se conmemorar\u00e1 el centenario del primer concierto de la Orquesta Pau Casals en el Palau de la M\u00fasica Catalana, una formaci\u00f3n que Pau Casals impulsar y crear en 1920, y que se convirti\u00f3 en un proyecto de &#8216;excelencia musical y compromiso social. Desgraciadamente este proyecto acab\u00f3 definitivamente con la Guerra Civil Espa\u00f1ola.<\/p>\n<p>LA ORQUESTA SINF\u00d3NICA CAMERA MUSICAE<\/p>\n<p>La Orquesta Sinf\u00f3nica Camera Musicae (OCM), fundada en 2006, ha gozado de una gran acogida por parte del p\u00fablico por su labor de divulgaci\u00f3n de la m\u00fasica cl\u00e1sica en sectores muy diversos, prestando especial atenci\u00f3n al p\u00fablico mel\u00f3mano y joven . Ha actuado en salas como el Palau de la M\u00fasica Catalana, el Gran Teatro del Liceo, el Auditorio de Barcelona, \u200b\u200bel Auditorio Nacional de M\u00fasica de Madrid, el Auditorio de Zaragoza, el Palacio Euskalduna de Bilbao, el Palacio de las Artes de Valencia y el Auditorio V\u00edctor Villegas de Murcia, entre otros. La OCM despliega sus temporadas de conciertos de producci\u00f3n propia en Barcelona, \u200b\u200bTarragona y Lleida.<br \/>\nDesde sus inicios, Tom\u00e1s Grau es el director titular y art\u00edstico, y desde la temporada 2017-18 el maestro Salvador Mas es el principal director invitado, rol que antes ejercieron Jordi Mora y Jos\u00e9 Rafael Pascual Vilaplana. La OCM inici\u00f3 la temporada 2009-10 su proyecto de residencia en el Auditorio del T\u00edvoli El Vendrell, vigente en la actualidad.<br \/>\nLa Orquesta Sinf\u00f3nica Camera Musicae ha col \u2022 elaborado con directores como Antoni Ros Marb\u00e0, Edmon Colomer, Rinaldo Alessandrini, G\u00e1bor Tak\u00e1cs-Nagy, Marzio Conti, John Rutter, Josep Caball\u00e9 Domenech, Virginia Mart\u00ednez, Salvador Brotons, Diego Martin-Etxebarria y Massimo Spadano; y solistas como Stephen Kovacevich, Sabine Meyer, Steven Isserlis, Patricia Kopatchinskaja, Roberto Alagna, Gautier Capu\u00e7on, Mark Padmore, Alexander Melnikov, Seong-Jin Cho, Alice Sara Ott, Sayaka Shoji, Albrecht Mayer, Clara-Jumi Kang, Ainhoa \u200b\u200bArteta, Asier Polo, Leticia Moreno, Pablo Ferr\u00e1ndez, Judith J\u00e1uregui, Albert Guinovart o Rafael Aguirre, entre otros.<br \/>\nAunque realizar su actividad principalmente en Catalu\u00f1a, la OCM tambi\u00e9n act\u00faa de manera peri\u00f3dica en todo el estado espa\u00f1ol y ha realizado giras de conciertos en Alemania, Suiza y la Rep\u00fablica Checa. Ha grabado, entre otros, los discos Die Romantische Seele, Alba Eterna, Tormenta desvanecida, Un cuento de Navidad y Mediterr\u00e1neo.<\/p>\n<p>EL PROGRAMA<\/p>\n<p>Orquesta Sinf\u00f3nica Camera Musicae<br \/>\nJordi Mora, director<\/p>\n<p>JS BACH: Aria de la Suite n\u00fam. 3, BWV 1068<br \/>\nL. VAN BEETHOVEN: Sinfon\u00eda n\u00fam. 3, op. 55 &#8216;Heroica&#8217;<\/p>\n<p>Johann Sebastian Bach escribi\u00f3 cuatro suites orquestales, todas ellas de una belleza extraordinaria. Sin embargo, el Aria de la Suite n\u00fam. 3 ocupa un lugar emblem\u00e1tico para que, en su aparente sencillez, concentra toda la complejidad de la m\u00fasica: la fascinaci\u00f3n de una melod\u00eda que se repite pero que no aburre porque siempre avanza; la intriga de una armon\u00eda que parece que sigue los c\u00e1nones siendo, al mismo tiempo, \u00fanica, y una textura contrapunt\u00edstica en la que los instrumentos dicen cosas diferentes, hablan al mismo tiempo, pero se escuchan y entienden.<\/p>\n<p>Beethoven comprendi\u00f3 perfectamente que la composici\u00f3n iba de eso: hacer que el dif\u00edcil pareciera f\u00e1cil y, consciente de ello, decidi\u00f3 hablar del ser humano a trav\u00e9s de la m\u00fasica. Con su tercera sinfon\u00eda demostr\u00f3 su genialidad y valent\u00eda al mostrar que no renunciaba a las herencias musicales, pero que no se ataba a ellas. Considerada, por la mayor\u00eda de expertos, como la sinfon\u00eda que marc\u00f3 el paso del Clasicismo al Romanticismo, el t\u00edtulo &quot;Heroica&quot; simboliza m\u00e1s un ideal que una persona concreta. Sus cuatro movimientos reflejan a la perfecci\u00f3n este &#8216;por aspera ad astra&#8217; (desde la adversidad hasta los astros) que tanto inspir\u00f3 a los compositores de siglo XIX.<\/p>\n<p>JORDI MORA, DIRECTOR<\/p>\n<p>Nacido en Barcelona, realiza sus primeros estudios musicales de piano y viola en el Conservatorio Superior de M\u00fasica de esta ciudad. En Alemania se grad\u00faa en la Hochschule f\u00fcr Musik de W\u00fcrzburg como obo\u00edsta y, becado por el estado de Baviera, se licencia en Musicolog\u00eda y Filosof\u00eda en la Universidad de Munich.<br \/>\nEstudia direcci\u00f3n orquestal principalmente con Sergiu Celibidache, participando en numerosas clases magistrales de direcci\u00f3n en la Universidad de Mainz, en M\u00fanich con la M\u00fcnchner Philarmoniker, as\u00ed como otros cursos en toda Europa.<br \/>\nHa sido director titular de la Orquesta Nacional de Grecia y de la Orquesta Sinf\u00f3nica del Vall\u00e9s. Como director invitado dirige regularmente en Europa, EEUU y Am\u00e9rica del Sur, orquestas como la Sim\u00f3n Bol\u00edvar de Venezuela, la Orquesta Nacional de Argentina, Filarm\u00f3nica de Munich, Orquesta de la Radio y Televisi\u00f3n de Grecia, Orquesta Sinf\u00f3nica de Barcelona y Nacional Catalu\u00f1a, y Orquesta Sinf\u00f3nica del Gran Teatro del Liceo, entre otros.<br \/>\nRealiza una amplia labor pedag\u00f3gica, especialmente en Espa\u00f1a, Suiza, Alemania, Holanda y Argentina, y ha sido miembro del jurado de varios concursos internacionales. En 2003 fue nombrado profesor de direcci\u00f3n orquestal en la Escuela Superior de M\u00fasica de Catalu\u00f1a, y en 2010 profesor invitado permanente de la Grieg-Akademie en Bergen (Noruega).<br \/>\nActualmente es el director de la Orquesta Sinf\u00f3nica Siglo XXI y de la Bruckner Akademie Orchester. El a\u00f1o 2013 fue nombrado Principal Director invitado de la Orquesta Filarm\u00f3nica del L\u00edbano, y en 2014 de la Orquesta Sinf\u00f3nica Camera Musicae. Ha sido recientemente invitado a dirigir, entre otras, la Orquesta Nacional de Argentina.<\/p>\n<p>Foto: Fondo de la Fundaci\u00f3n Pau Casals<\/p>\n","protected":false},"excerpt":{"rendered":"<p>El pr\u00f3ximo 12 de julio, a las 21.30 h, en la plaza Nueva de El Vendrell, tendr\u00e1 lugar un homenaje a la Orquesta Pau Casals, con un concierto al aire libre y gratuito de la Orquesta Sinf\u00f3nica Camera Musicae. La formaci\u00f3n, dirigida por Jordi Mora, contar\u00e1 con 40 m\u00fasicos que interpretar\u00e1n el Aria de la [&hellip;]<\/p>\n","protected":false},"author":1,"featured_media":20380,"comment_status":"open","ping_status":"closed","sticky":false,"template":"","format":"standard","meta":{"_acf_changed":false,"_et_pb_use_builder":"","_et_pb_old_content":"","_et_gb_content_width":"","content-type":"","footnotes":""},"categories":[],"tags":[],"dipi_cpt_category":[],"class_list":["post-25406","post","type-post","status-publish","format-standard","has-post-thumbnail","hentry"],"acf":[],"_links":{"self":[{"href":"https:\/\/www.elvendrellturisme.com\/es\/wp-json\/wp\/v2\/posts\/25406","targetHints":{"allow":["GET"]}}],"collection":[{"href":"https:\/\/www.elvendrellturisme.com\/es\/wp-json\/wp\/v2\/posts"}],"about":[{"href":"https:\/\/www.elvendrellturisme.com\/es\/wp-json\/wp\/v2\/types\/post"}],"author":[{"embeddable":true,"href":"https:\/\/www.elvendrellturisme.com\/es\/wp-json\/wp\/v2\/users\/1"}],"replies":[{"embeddable":true,"href":"https:\/\/www.elvendrellturisme.com\/es\/wp-json\/wp\/v2\/comments?post=25406"}],"version-history":[{"count":0,"href":"https:\/\/www.elvendrellturisme.com\/es\/wp-json\/wp\/v2\/posts\/25406\/revisions"}],"wp:featuredmedia":[{"embeddable":true,"href":"https:\/\/www.elvendrellturisme.com\/es\/wp-json\/wp\/v2\/media\/20380"}],"wp:attachment":[{"href":"https:\/\/www.elvendrellturisme.com\/es\/wp-json\/wp\/v2\/media?parent=25406"}],"wp:term":[{"taxonomy":"category","embeddable":true,"href":"https:\/\/www.elvendrellturisme.com\/es\/wp-json\/wp\/v2\/categories?post=25406"},{"taxonomy":"post_tag","embeddable":true,"href":"https:\/\/www.elvendrellturisme.com\/es\/wp-json\/wp\/v2\/tags?post=25406"},{"taxonomy":"dipi_cpt_category","embeddable":true,"href":"https:\/\/www.elvendrellturisme.com\/es\/wp-json\/wp\/v2\/dipi_cpt_category?post=25406"}],"curies":[{"name":"wp","href":"https:\/\/api.w.org\/{rel}","templated":true}]}}