{"id":25408,"date":"2020-07-08T12:50:30","date_gmt":"2020-07-08T12:50:30","guid":{"rendered":"http:\/\/tv.dms3labs.cat\/la-fiesta-mayor-se-presenta-con-diversas-actuaciones-de-cultura-popular-y-las-medidas-de-seguridad-que-marca-la-normativa-de-la-covid-19\/"},"modified":"2020-07-08T12:50:30","modified_gmt":"2020-07-08T12:50:30","slug":"la-fiesta-mayor-se-presenta-con-diversas-actuaciones-de-cultura-popular-y-las-medidas-de-seguridad-que-marca-la-normativa-de-la-covid-19","status":"publish","type":"post","link":"https:\/\/www.elvendrellturisme.com\/es\/la-fiesta-mayor-se-presenta-con-diversas-actuaciones-de-cultura-popular-y-las-medidas-de-seguridad-que-marca-la-normativa-de-la-covid-19\/","title":{"rendered":"La Fiesta Mayor se presenta con diversas actuaciones de cultura popular y las medidas de seguridad que marca la normativa de la Covid-19"},"content":{"rendered":"<p>Ayer por la tarde, el concejal de Fiestas, Christian Soriano, acompa\u00f1ado de representantes de diversas entidades de cultura popular, presentaron un adelanto del programa de actos de la Fiesta Mayor del Vendrell de este 2020. El concejal explic\u00f3 que a pesar de que este a\u00f1o las circunstancias ser\u00e1n diferentes y ser\u00e1 una fiesta muy diferente y condicionada por la pandemia, se ha querido apostar por celebrar una fiesta Mayor, &quot;ya que la cultura debe prevalecer como bien de primera necesidad&quot;. Eso s\u00ed, seg\u00fan Soriano, todos los actos tendr\u00e1n como hilo conductor e imprescindible el cumplimiento de la seguridad y de la normativa sanitaria.<\/p>\n<p>En este sentido, el concejal ha avanzado que la Fiesta Mayor combinar\u00e1 los actos presenciales con actos online, que ser\u00e1n transmitidos por RTV El Vendrell y tambi\u00e9n que se est\u00e1 trabajando ya en una aplicaci\u00f3n donde las personas se podr\u00e1n apuntar para los actos con aforo limitado.<\/p>\n<p>Ayer se dieron a conocer los actos de cultura popular que se har\u00e1n. En concreto, el 26 de julio se celebrar\u00e1 el Oficio en honor a Santa Ana en la Iglesia Parroquial, presidido por el Le\u00f3n y el \u00c1guila, como ya es habitual, y este a\u00f1o tambi\u00e9n, por los Gigantes, que se incorporan por primera vez en el Oficio. El Le\u00f3n participar\u00e1 en el ofertorio con la m\u00fasica de gralla a cargo de Jordi Ingl\u00e8s &quot;Bero&quot; y, al terminar la misa, el Le\u00f3n har\u00e1 el baile de honor dentro del templo. Ser\u00e1 un baile con un \u00fanico bailador, y con dos o tres personas de fuera. Por su parte, los Gigantes tambi\u00e9n har\u00e1n un \u00fanico baile, sum\u00e1ndose as\u00ed al oficio de Santa Ana, despu\u00e9s de que el a\u00f1o pasado ya se incorporaran tambi\u00e9n al cortejo de los Costaleros de Honor.<\/p>\n<p>Al finalizar el oficio, y hasta los versos de los Diablos, el \u00c1guila aportar\u00e1 la nota musical a la jornada, ofreciendo un concierto desde arriba del campanario, que se podr\u00e1 escuchar desde buena parte del Vendrell. Ir\u00e1 a cargo de los m\u00fasicos del Le\u00f3n, los m\u00fasicos del \u00c1guila y tambi\u00e9n de los miembros del \u00c7o del Botafoc.<\/p>\n<p>A continuaci\u00f3n, la Plaza Vella, con aforo limitado y sillas para el p\u00fablico, acoger\u00e1 los versos de los Diablos. Desde la entidad se ha explicado que en un contexto como el actual, &quot;la cr\u00edtica y la s\u00e1tira en la actualidad ahora es muy necesaria&quot;, y que a pesar de no poder realizar todos los actos habituales, no quer\u00edan dejar perder los versos, que son el origen de su baile hablado. La entidad tambi\u00e9n ha preparado su protocolo interno de funcionamiento y seguridad que les obliga, por ejemplo, a actuar con pa\u00f1uelo y guantes.<\/p>\n<p>Por otra parte, tres de las bestias de fuego del Vendrell tambi\u00e9n actuar\u00e1n en la fiesta mayor de este 2020: el &quot;Cabrot&quot;, el &quot;Drac del Vendrell&quot; y la &quot;Mulassa Feixuga&quot;. No lo har\u00e1n el 26, porque la Comisi\u00f3n de Fuego acord\u00f3 no hacerlo nadie, pero s\u00ed lo har\u00e1n el d\u00eda 27, en un acto muy similar al Nostrefoc. A las 6 de la tarde la Plaza Vella, la Plaza Nova y la Plaza Francesc Maci\u00e0 acoger\u00e1n el plante de las bestias y m\u00e1s tarde, hacia las 9 de la noche, en la plaza Pep Jai, con aforo limitado, har\u00e1n dos encendidas cada bestia y una encendida conjunta al final.<\/p>\n<p>El concejal de Fiestas ha avanzado que la pr\u00f3xima semana se terminar\u00e1n de presentar el resto de propuestas de la Fiesta Mayor. Christian Soriano tambi\u00e9n ha querido agradecer la labor realizada por los seis Administradores de Santa Ana 2020, que anunciaron su dimisi\u00f3n hace unas semanas.<\/p>\n","protected":false},"excerpt":{"rendered":"<p>Ayer por la tarde, el concejal de Fiestas, Christian Soriano, acompa\u00f1ado de representantes de diversas entidades de cultura popular, presentaron un adelanto del programa de actos de la Fiesta Mayor del Vendrell de este 2020. El concejal explic\u00f3 que a pesar de que este a\u00f1o las circunstancias ser\u00e1n diferentes y ser\u00e1 una fiesta muy diferente [&hellip;]<\/p>\n","protected":false},"author":1,"featured_media":20389,"comment_status":"open","ping_status":"closed","sticky":false,"template":"","format":"standard","meta":{"_acf_changed":false,"_et_pb_use_builder":"","_et_pb_old_content":"","_et_gb_content_width":"","content-type":"","footnotes":""},"categories":[],"tags":[],"dipi_cpt_category":[],"class_list":["post-25408","post","type-post","status-publish","format-standard","has-post-thumbnail","hentry"],"acf":[],"_links":{"self":[{"href":"https:\/\/www.elvendrellturisme.com\/es\/wp-json\/wp\/v2\/posts\/25408","targetHints":{"allow":["GET"]}}],"collection":[{"href":"https:\/\/www.elvendrellturisme.com\/es\/wp-json\/wp\/v2\/posts"}],"about":[{"href":"https:\/\/www.elvendrellturisme.com\/es\/wp-json\/wp\/v2\/types\/post"}],"author":[{"embeddable":true,"href":"https:\/\/www.elvendrellturisme.com\/es\/wp-json\/wp\/v2\/users\/1"}],"replies":[{"embeddable":true,"href":"https:\/\/www.elvendrellturisme.com\/es\/wp-json\/wp\/v2\/comments?post=25408"}],"version-history":[{"count":0,"href":"https:\/\/www.elvendrellturisme.com\/es\/wp-json\/wp\/v2\/posts\/25408\/revisions"}],"wp:featuredmedia":[{"embeddable":true,"href":"https:\/\/www.elvendrellturisme.com\/es\/wp-json\/wp\/v2\/media\/20389"}],"wp:attachment":[{"href":"https:\/\/www.elvendrellturisme.com\/es\/wp-json\/wp\/v2\/media?parent=25408"}],"wp:term":[{"taxonomy":"category","embeddable":true,"href":"https:\/\/www.elvendrellturisme.com\/es\/wp-json\/wp\/v2\/categories?post=25408"},{"taxonomy":"post_tag","embeddable":true,"href":"https:\/\/www.elvendrellturisme.com\/es\/wp-json\/wp\/v2\/tags?post=25408"},{"taxonomy":"dipi_cpt_category","embeddable":true,"href":"https:\/\/www.elvendrellturisme.com\/es\/wp-json\/wp\/v2\/dipi_cpt_category?post=25408"}],"curies":[{"name":"wp","href":"https:\/\/api.w.org\/{rel}","templated":true}]}}