{"id":25412,"date":"2020-08-04T17:41:11","date_gmt":"2020-08-04T17:41:11","guid":{"rendered":"http:\/\/tv.dms3labs.cat\/vuelve-el-tradicional-musica-a-la-vila-con-un-unico-y-especial-concierto-el-21-de-agosto\/"},"modified":"2020-08-04T17:41:11","modified_gmt":"2020-08-04T17:41:11","slug":"vuelve-el-tradicional-musica-a-la-vila-con-un-unico-y-especial-concierto-el-21-de-agosto","status":"publish","type":"post","link":"https:\/\/www.elvendrellturisme.com\/es\/vuelve-el-tradicional-musica-a-la-vila-con-un-unico-y-especial-concierto-el-21-de-agosto\/","title":{"rendered":"Vuelve el tradicional &#8216;M\u00fasica a la Vila&#8217;, con un \u00fanico y especial concierto el 21 de agosto"},"content":{"rendered":"<p>Cada agosto, desde hace 32 a\u00f1os, El Vendrell tiene una cita con la m\u00fasica tradicional, pero este a\u00f1o, el calendario se ha visto alterado por la pandemia del Covid-19. A\u00fan as\u00ed, la voluntad ha sido mantener uno de los conciertos del festival &quot;M\u00fasica a la Vila&quot;, que se inscribe tambi\u00e9n en la programaci\u00f3n de la Capitalidad de la Cultura Catalana 2020.<\/p>\n<p>A propuesta del m\u00fasico Jordi Quintana y con el trabajo conjunto de la Comisi\u00f3n del M\u00fasica a la Vila, este verano se llevar\u00e1 a cabo un \u00fanico concierto, el viernes 21 de agosto, a las 22h, en la plaza del T\u00edvoli. Este tendr\u00e1 un car\u00e1cter especial, estrechamente vinculado a la cultura del municipio. Llevar\u00e1 por nombre &#8216;M\u00fasicas de cortejo y lucimiento&#8217;, y lo protagonizar\u00e1n grupos de m\u00fasica popular y tradicional, que acompa\u00f1an a bailes del pasacalle. Todos ellos interpretar\u00e1n melod\u00edas de la Fiesta Mayor del Vendrell y otras m\u00fasicas m\u00e1s lucidas, con la particularidad de que lo har\u00e1n con diversidad de instrumentos que no son la gralla.<\/p>\n<p>En palabras de Quintana, &quot;este concierto quiere ser tambi\u00e9n un claro reconocimiento a los m\u00fasicos y grupos de m\u00fasica que a lo largo de un pasacalles popular pueden pasar desapercibidos por el p\u00fablico, que suele fijar m\u00e1s la atenci\u00f3n en los bailes. Tambi\u00e9n es una manera de dar m\u00e1s presencia a la m\u00fasica popular y tradicional en el Vendrell, as\u00ed como ayudar a difundir el repertorio propio de formaciones populares catalanas en formato concierto &quot;. As\u00ed, el concierto se podr\u00e1n escuchar, por ejemplo, la copla de flabiols, la media copla, con gaita, flauta y tamboril; la copla de tres cuartillos, con gaita, flauta, tamboril y tarota; la copla antigua o los ministriles, con gaita, flauta, tamboril, tarota, metal (tromba o tromb\u00f3n), y a menudo tambi\u00e9n con timbal hondo y otros instrumentos como el baj\u00f3n.<\/p>\n<p>Los grupos que actuar\u00e1n son:<\/p>\n<p>&#8211; La media copla &quot;L&#8217;Home del sac&quot; , que acompa\u00f1a el Baile de Panderos (desde 2006).<br \/>\n&#8211; La tambi\u00e9n media copla La Patuleia , que acompa\u00f1a el Baile de Panderetas (desde 2016) y que actuar\u00e1 ampliada como ministriles.<br \/>\n&#8211; Otro media copla, la de los &quot;Tocats del grall&quot; , que acompa\u00f1an el Baile de Cercolets (desde 2010) y que tambi\u00e9n actuar\u00e1 ampliada como ministriles.<br \/>\n&#8211; Y una \u00faltima media copla, &quot;Els Murris i Anna Flores&quot;, que (tambi\u00e9n desde 2010) acompa\u00f1an el Ball de Pastorets, y que en el concierto har\u00e1n un diversificaci\u00f3n con piano y gralla.<br \/>\nY tambi\u00e9n actuar\u00e1n &quot;Els Espremulls&quot;, copla antigua, que aunque no acompa\u00f1an ning\u00fan baile, sus miembros son los que han ido haciendo las sustituciones de m\u00fasicos de los grupos hasta ahora mencionados y otros de la Pasacalles, y que interpretar\u00e1n el Baile del &quot;\u00c0liga del Vendrell&quot;.<\/p>\n<p>-Para finalizar, el \u00c7o del Botafoc que, en formaci\u00f3n de ministriles, desde 2011 acompa\u00f1an los traslados de la imagen de Santa Ana de la iglesia en la casa de Costaleros de honor y viceversa y tambi\u00e9n el Baile del Lleonet y el Baile del Lle\u00f3 del Vendrell (desde 2015), y con formaci\u00f3n de peque\u00f1a copla de flabiols, el Baile de Figuetairas (desde 2014).<\/p>\n<p>La entrada al concierto es gratuita. Las invitaciones se podr\u00e1n reservar y descargar a trav\u00e9s de la web del Temporada a partir del d\u00eda 11 de agosto. El aforo ser\u00e1 limitado, a 100 entradas, siguiendo las recomendaciones de seguridad. Tambi\u00e9n est\u00e1 previsto que a partir del d\u00eda 11 de agosto se ubique un punto presencial en la Escuela municipal de M\u00fasica Pau Casals donde tambi\u00e9n se puedan adquirir las entradas en horario de 11h a 13h.<\/p>\n<p>La concejala de Cultura, Silvia Vaquero, ha animado a los vendrellenses y vendrellencas a disfrutar de este concierto &quot;que a pesar de no sustituir el 32\u00ba Festival de M\u00fasica a la Vila, que haremos el pr\u00f3ximo a\u00f1o, nos sirve para hacer memoria y recordarlo. Y esto es importante ya que ahora m\u00e1s que nunca la cultura debe formar parte de nuestros d\u00edas &quot;.<\/p>\n","protected":false},"excerpt":{"rendered":"<p>Cada agosto, desde hace 32 a\u00f1os, El Vendrell tiene una cita con la m\u00fasica tradicional, pero este a\u00f1o, el calendario se ha visto alterado por la pandemia del Covid-19. A\u00fan as\u00ed, la voluntad ha sido mantener uno de los conciertos del festival &quot;M\u00fasica a la Vila&quot;, que se inscribe tambi\u00e9n en la programaci\u00f3n de la [&hellip;]<\/p>\n","protected":false},"author":1,"featured_media":20405,"comment_status":"open","ping_status":"closed","sticky":false,"template":"","format":"standard","meta":{"_acf_changed":false,"_et_pb_use_builder":"","_et_pb_old_content":"","_et_gb_content_width":"","content-type":"","footnotes":""},"categories":[],"tags":[],"dipi_cpt_category":[],"class_list":["post-25412","post","type-post","status-publish","format-standard","has-post-thumbnail","hentry"],"acf":[],"_links":{"self":[{"href":"https:\/\/www.elvendrellturisme.com\/es\/wp-json\/wp\/v2\/posts\/25412","targetHints":{"allow":["GET"]}}],"collection":[{"href":"https:\/\/www.elvendrellturisme.com\/es\/wp-json\/wp\/v2\/posts"}],"about":[{"href":"https:\/\/www.elvendrellturisme.com\/es\/wp-json\/wp\/v2\/types\/post"}],"author":[{"embeddable":true,"href":"https:\/\/www.elvendrellturisme.com\/es\/wp-json\/wp\/v2\/users\/1"}],"replies":[{"embeddable":true,"href":"https:\/\/www.elvendrellturisme.com\/es\/wp-json\/wp\/v2\/comments?post=25412"}],"version-history":[{"count":0,"href":"https:\/\/www.elvendrellturisme.com\/es\/wp-json\/wp\/v2\/posts\/25412\/revisions"}],"wp:featuredmedia":[{"embeddable":true,"href":"https:\/\/www.elvendrellturisme.com\/es\/wp-json\/wp\/v2\/media\/20405"}],"wp:attachment":[{"href":"https:\/\/www.elvendrellturisme.com\/es\/wp-json\/wp\/v2\/media?parent=25412"}],"wp:term":[{"taxonomy":"category","embeddable":true,"href":"https:\/\/www.elvendrellturisme.com\/es\/wp-json\/wp\/v2\/categories?post=25412"},{"taxonomy":"post_tag","embeddable":true,"href":"https:\/\/www.elvendrellturisme.com\/es\/wp-json\/wp\/v2\/tags?post=25412"},{"taxonomy":"dipi_cpt_category","embeddable":true,"href":"https:\/\/www.elvendrellturisme.com\/es\/wp-json\/wp\/v2\/dipi_cpt_category?post=25412"}],"curies":[{"name":"wp","href":"https:\/\/api.w.org\/{rel}","templated":true}]}}