{"id":25419,"date":"2020-09-17T11:25:43","date_gmt":"2020-09-17T11:25:43","guid":{"rendered":"http:\/\/tv.dms3labs.cat\/recuperacion-y-rehabilitacion-de-los-mosaicos-del-antiguo-balneario-brisamar-de-coma-ruga\/"},"modified":"2020-09-17T11:25:43","modified_gmt":"2020-09-17T11:25:43","slug":"recuperacion-y-rehabilitacion-de-los-mosaicos-del-antiguo-balneario-brisamar-de-coma-ruga","status":"publish","type":"post","link":"https:\/\/www.elvendrellturisme.com\/es\/recuperacion-y-rehabilitacion-de-los-mosaicos-del-antiguo-balneario-brisamar-de-coma-ruga\/","title":{"rendered":"Recuperaci\u00f3n y rehabilitaci\u00f3n de los mosaicos del antiguo Balneario Brisamar de Coma-ruga"},"content":{"rendered":"<p>En el marco del proyecto Feder de Comarruga, se ha llegado a un acuerdo con el propietario de los mosaicos del antiguo Balneario Brisamar, Urbano Rifaterra, para hacer la donaci\u00f3n gratuita de la obra al Ayuntamiento del Vendrell , acto que se oficializ\u00f3 el lunes 14 de septiembre. Se trata de dos mosaicos, denominados Los Elementos , que decoraban la fachada principal del desaparecido Balneario Brisamar, el \u00faltimo trabajo que realiz\u00f3 el artista para la Sociedad Brisamar.<\/p>\n<p>La tem\u00e1tica de estos dos mosaicos hace referencia a la tradicional concepci\u00f3n de la constituci\u00f3n del Universo: tierra, agua, aire y fuego. En un mosaico est\u00e1 representado el elemento agua, a trav\u00e9s de las olas y peces, as\u00ed como la tierra con tonos marrones en la parte inferior de la obra. El artista podr\u00eda haber incorporado un ammonit y un trilobite, dos f\u00f3siles de especies extintas como referente de los or\u00edgenes. En cuanto al otro mosaico, aparece el fuego, mediante unas llamas y el sol. Mientras que el aire se aprecia en la parte superior del mosaico, con el color azul del cielo y el vuelo de los p\u00e1jaros.<\/p>\n<p>Estos mosaicos se preservar\u00e1n y ser\u00e1n expuestos en el futuro edificio Tabaris, que dedicar\u00e1 uno de sus espacios a la informaci\u00f3n y difusi\u00f3n de esta disciplina y del legado art\u00edstico mosaicista de Santiago Padr\u00f3s. En este sentido, conjuntamente con la rehabilitaci\u00f3n de los mosaicos del Cine Teatro Brisamar y la piscina Tabaris, se trata de que tanto el residente como el turista puedan descubrir, admirar y comprender su obra.<\/p>\n<p>El alcalde del Vendrell, Kenneth Mart\u00ednez, y la concejala de Cultura, Silvia Vaquero, agradecieron la generosidad del propietario de estos mosaicos que se incorporar\u00e1n al espacio museogr\u00e1fico del edificio Tabaris como una de las intervenciones art\u00edsticas incluidas en el proyecto Feder de Comarruga.<\/p>\n","protected":false},"excerpt":{"rendered":"<p>En el marco del proyecto Feder de Comarruga, se ha llegado a un acuerdo con el propietario de los mosaicos del antiguo Balneario Brisamar, Urbano Rifaterra, para hacer la donaci\u00f3n gratuita de la obra al Ayuntamiento del Vendrell , acto que se oficializ\u00f3 el lunes 14 de septiembre. Se trata de dos mosaicos, denominados Los [&hellip;]<\/p>\n","protected":false},"author":1,"featured_media":20433,"comment_status":"open","ping_status":"closed","sticky":false,"template":"","format":"standard","meta":{"_acf_changed":false,"_et_pb_use_builder":"","_et_pb_old_content":"","_et_gb_content_width":"","content-type":"","footnotes":""},"categories":[],"tags":[],"dipi_cpt_category":[],"class_list":["post-25419","post","type-post","status-publish","format-standard","has-post-thumbnail","hentry"],"acf":[],"_links":{"self":[{"href":"https:\/\/www.elvendrellturisme.com\/es\/wp-json\/wp\/v2\/posts\/25419","targetHints":{"allow":["GET"]}}],"collection":[{"href":"https:\/\/www.elvendrellturisme.com\/es\/wp-json\/wp\/v2\/posts"}],"about":[{"href":"https:\/\/www.elvendrellturisme.com\/es\/wp-json\/wp\/v2\/types\/post"}],"author":[{"embeddable":true,"href":"https:\/\/www.elvendrellturisme.com\/es\/wp-json\/wp\/v2\/users\/1"}],"replies":[{"embeddable":true,"href":"https:\/\/www.elvendrellturisme.com\/es\/wp-json\/wp\/v2\/comments?post=25419"}],"version-history":[{"count":0,"href":"https:\/\/www.elvendrellturisme.com\/es\/wp-json\/wp\/v2\/posts\/25419\/revisions"}],"wp:featuredmedia":[{"embeddable":true,"href":"https:\/\/www.elvendrellturisme.com\/es\/wp-json\/wp\/v2\/media\/20433"}],"wp:attachment":[{"href":"https:\/\/www.elvendrellturisme.com\/es\/wp-json\/wp\/v2\/media?parent=25419"}],"wp:term":[{"taxonomy":"category","embeddable":true,"href":"https:\/\/www.elvendrellturisme.com\/es\/wp-json\/wp\/v2\/categories?post=25419"},{"taxonomy":"post_tag","embeddable":true,"href":"https:\/\/www.elvendrellturisme.com\/es\/wp-json\/wp\/v2\/tags?post=25419"},{"taxonomy":"dipi_cpt_category","embeddable":true,"href":"https:\/\/www.elvendrellturisme.com\/es\/wp-json\/wp\/v2\/dipi_cpt_category?post=25419"}],"curies":[{"name":"wp","href":"https:\/\/api.w.org\/{rel}","templated":true}]}}