{"id":25422,"date":"2020-09-23T13:40:44","date_gmt":"2020-09-23T13:40:44","guid":{"rendered":"http:\/\/tv.dms3labs.cat\/rafael-nadal-presenta-su-nuevo-libro-mar-de-verano-una-memoria-del-mediterraneo-en-la-biblioteca\/"},"modified":"2020-09-23T13:40:44","modified_gmt":"2020-09-23T13:40:44","slug":"rafael-nadal-presenta-su-nuevo-libro-mar-de-verano-una-memoria-del-mediterraneo-en-la-biblioteca","status":"publish","type":"post","link":"https:\/\/www.elvendrellturisme.com\/es\/rafael-nadal-presenta-su-nuevo-libro-mar-de-verano-una-memoria-del-mediterraneo-en-la-biblioteca\/","title":{"rendered":"Rafael Nadal presenta su nuevo libro &quot;Mar de verano. Una memoria del Mediterr\u00e1neo&quot; en la Biblioteca"},"content":{"rendered":"<p>El pr\u00f3ximo martes 29 de septiembre, a las 19h, Rafael Nadal presentar\u00e1 su nuevo libro &quot;Un mar de verano. Una memoria de la meditet\u00e0nia &quot;en la Biblioteca P\u00fablica Tierra Baja.<\/p>\n<p>El libro es una aproximaci\u00f3n sentimental al Mediterr\u00e1neo, los peque\u00f1os placeres de la vida y una invitaci\u00f3n a observar y descubrir las historias de los lugares y de las personas que la habitan.<br \/>\nEn &quot;Un Mar de verano&quot;, Nadal rinde homenaje a la mar de su infancia y juventud en un libro dividido en tres partes.<\/p>\n<p>En la primera, el autor habla de que el Mediterr\u00e1neo, qu\u00e9 es y qu\u00e9 significado tiene el mar para \u00e9l. En una segunda parte, Nadal relata sus viajes por diversos lugares del Mediterr\u00e1neo como Stromboli, Icaria, Hidra o Portlligat. La descripci\u00f3n de cada uno de estos espacios le acompa\u00f1a el relato de las experiencias, recuerdos y reflexiones que le evocan. En la tercera y \u00faltima parte del libro, el autor narra el retorno, una reflexi\u00f3n sobre la experiencia del viaje y el papel que ha tenido el Mediterr\u00e1neo en la historia y el desarrollo de la cultura occidental.<\/p>\n<p>Rafael Nadal fue el autor m\u00e1s vendido de Sant Jordi 2019.<\/p>\n<p>La presentaci\u00f3n correr\u00e1 a cargo de la vendrellenca Gemma Ventura.<\/p>\n<p>Debido a las restricciones motivadas por COVID19 el aforo es limitado. Es necesario reservar invitaci\u00f3n en la misma biblioteca o por tel\u00e9fono, 977662118. Al finalizar el acto, el autor firmar\u00e1 libros pero no habr\u00e1 punto de venta en la biblioteca, quien quiera que le firme el libro deber\u00e1 llevar.<\/p>\n","protected":false},"excerpt":{"rendered":"<p>El pr\u00f3ximo martes 29 de septiembre, a las 19h, Rafael Nadal presentar\u00e1 su nuevo libro &quot;Un mar de verano. Una memoria de la meditet\u00e0nia &quot;en la Biblioteca P\u00fablica Tierra Baja. El libro es una aproximaci\u00f3n sentimental al Mediterr\u00e1neo, los peque\u00f1os placeres de la vida y una invitaci\u00f3n a observar y descubrir las historias de los [&hellip;]<\/p>\n","protected":false},"author":1,"featured_media":20445,"comment_status":"open","ping_status":"closed","sticky":false,"template":"","format":"standard","meta":{"_acf_changed":false,"_et_pb_use_builder":"","_et_pb_old_content":"","_et_gb_content_width":"","content-type":"","footnotes":""},"categories":[],"tags":[],"dipi_cpt_category":[],"class_list":["post-25422","post","type-post","status-publish","format-standard","has-post-thumbnail","hentry"],"acf":[],"_links":{"self":[{"href":"https:\/\/www.elvendrellturisme.com\/es\/wp-json\/wp\/v2\/posts\/25422","targetHints":{"allow":["GET"]}}],"collection":[{"href":"https:\/\/www.elvendrellturisme.com\/es\/wp-json\/wp\/v2\/posts"}],"about":[{"href":"https:\/\/www.elvendrellturisme.com\/es\/wp-json\/wp\/v2\/types\/post"}],"author":[{"embeddable":true,"href":"https:\/\/www.elvendrellturisme.com\/es\/wp-json\/wp\/v2\/users\/1"}],"replies":[{"embeddable":true,"href":"https:\/\/www.elvendrellturisme.com\/es\/wp-json\/wp\/v2\/comments?post=25422"}],"version-history":[{"count":0,"href":"https:\/\/www.elvendrellturisme.com\/es\/wp-json\/wp\/v2\/posts\/25422\/revisions"}],"wp:featuredmedia":[{"embeddable":true,"href":"https:\/\/www.elvendrellturisme.com\/es\/wp-json\/wp\/v2\/media\/20445"}],"wp:attachment":[{"href":"https:\/\/www.elvendrellturisme.com\/es\/wp-json\/wp\/v2\/media?parent=25422"}],"wp:term":[{"taxonomy":"category","embeddable":true,"href":"https:\/\/www.elvendrellturisme.com\/es\/wp-json\/wp\/v2\/categories?post=25422"},{"taxonomy":"post_tag","embeddable":true,"href":"https:\/\/www.elvendrellturisme.com\/es\/wp-json\/wp\/v2\/tags?post=25422"},{"taxonomy":"dipi_cpt_category","embeddable":true,"href":"https:\/\/www.elvendrellturisme.com\/es\/wp-json\/wp\/v2\/dipi_cpt_category?post=25422"}],"curies":[{"name":"wp","href":"https:\/\/api.w.org\/{rel}","templated":true}]}}