{"id":25429,"date":"2020-10-17T13:34:22","date_gmt":"2020-10-17T13:34:22","guid":{"rendered":"http:\/\/tv.dms3labs.cat\/el-bpfest-se-celebrara-el-24-de-octubre-combinando-las-actividades-virtuales-y-presenciales\/"},"modified":"2020-10-17T13:34:22","modified_gmt":"2020-10-17T13:34:22","slug":"el-bpfest-se-celebrara-el-24-de-octubre-combinando-las-actividades-virtuales-y-presenciales","status":"publish","type":"post","link":"https:\/\/www.elvendrellturisme.com\/es\/el-bpfest-se-celebrara-el-24-de-octubre-combinando-las-actividades-virtuales-y-presenciales\/","title":{"rendered":"El BPFest se celebrar\u00e1 el 24 de octubre combinando las actividades virtuales y presenciales"},"content":{"rendered":"<p>El BPFest, la gran fiesta musical del Baix Pened\u00e8s, ha querido ser fiel a su cita de 2020 pero adapt\u00e1ndose necesariamente a las restricciones impuestas por la pandemia. Aunque este a\u00f1o las circunstancias no permiten que esta tercera edici\u00f3n de este formato del festival se celebre a pie de calle, sus organizadores, la Asociaci\u00f3n de M\u00fasicos del Baix Pened\u00e8s (AMBP) con el apoyo de la Concejal\u00eda de Cultura del Ayuntamiento de el Vendrell, han reformulado la propuesta y esta contar\u00e1 con actos virtuales y otras de presenciales.<\/p>\n<p>As\u00ed lo han presentado esta ma\u00f1ana los miembros de la AMBP y la concejala de Cultura, Silvia Vaquero, desde el Teatro \u00c0ngel Guimer\u00e0 de El Vendrell. Y es que los 10 grupos participantes en la edici\u00f3n del BP Fest de este a\u00f1o han registrado sus actuaciones sobre el escenario del tag para que se puedan ver el d\u00eda 24 de octubre, a las 22h, a trav\u00e9s de RTV el Vendrell y del canal del AMBP de Youtube. Las actuaciones se grabaron los d\u00edas 26 y 27 de julio con la colaboraci\u00f3n de la compa\u00f1\u00eda teatral La puerta de madera. En concreto, actuar\u00e1n AGAINST DOWN, 4C\u00daSTICS, ERICAH Lein, LA PUERTA DE MADERA, ET-CO *, NEREA BASSART TRIO, LA DESBANDADA, JAZZ ATTACK QUARTET, GUARDAFUEGOS, VOZ HUMANA y JOSEP ANTON.<\/p>\n<p>Como en anteriores ediciones, el BPFest de este a\u00f1o contar\u00e1 tambi\u00e9n con el BPFest PRO, un espacio abierto a profesionales y aficionados dedicado a talleres, charlas, mesas redondas, masterclasses, donde se crean sinergias entre m\u00fasicos, programadores, instituciones, empresas de \u00e1mbito cultural y musical, promotores, discogr\u00e1ficas y otros profesionales.<br \/>\nEL BPFest Pro s\u00ed ser\u00e1 presencial y tendr\u00e1 lugar, con las correspondientes medidas de seguridad e inscripci\u00f3n previa a trav\u00e9s de la p\u00e1gina www.bpfest.cat, en las instalaciones de Jan\u00e9 Ventura (Carretera de Calafell, 2) durante la ma\u00f1ana y tarde del s\u00e1bado 24.<\/p>\n<p>Los actos del BPFest Pro incluir\u00e1n una masterclass de guitarra el\u00e9ctrica de David Palau, conocido como el &quot;guitarrista de los famosos&quot; por haber trabajado con Alejandro Sanz, J.Manel Serrat, Joaqu\u00edn Sabina o David Bisbal, entre otros.<\/p>\n<p>Seguir\u00e1 la mesa redonda &quot;Soy autor, c\u00f3mo encontrar conciertos? a partir de las visiones de diferentes profesionales del sector del programa formativo Soc Autor &#8211; impulsado por la Fundaci\u00f3n SGAE, El Retorno y las Casas de la M\u00fasica y que en esta ocasi\u00f3n cuenta tambi\u00e9n con el apoyo de la Asociaci\u00f3n M\u00fasicos Del Baix Pened\u00e8s.<\/p>\n<p>La programaci\u00f3n continuar\u00e1 con la mesa redonda &quot;La M\u00fasica en femenino: Desigualdades y retos&quot;, moderada por la periodista Laia Batlle, en la que se debatir\u00e1 sobre el papel de la mujer en el mundo de la m\u00fasica, las desigualdades que existen y los retos de futuro para alcanzar la plena igualdad. Las ponentes ser\u00e1n Sonia Linares, Idoia Rueda, Alicia Martel, Gloria Maurel.<\/p>\n<p> Por \u00faltimo, y como novedad del BP Fest de este a\u00f1o, se har\u00e1 la presentaci\u00f3n del Polo Cooperativo del Baix Pened\u00e8s, cuyo AMBP es uno de los grupos impulsores, ya trav\u00e9s del cual se quiere crear una red de entidades de econom\u00eda social y solidaria en el Baix Pened\u00e8s.<\/p>\n<p>A continuaci\u00f3n se har\u00e1 un taller participativo a cargo de la cooperativa Resilience Earth para seguir construyendo la identidad de esta red que se quiere crear en la comarca y se acabar\u00e1 con la presentaci\u00f3n de la experiencia de la XES de la Garrotxa y el Nuria social como entidad paraguas.<\/p>\n<p>La jornada concluir\u00e1 con una copa de cava.<\/p>\n","protected":false},"excerpt":{"rendered":"<p>El BPFest, la gran fiesta musical del Baix Pened\u00e8s, ha querido ser fiel a su cita de 2020 pero adapt\u00e1ndose necesariamente a las restricciones impuestas por la pandemia. Aunque este a\u00f1o las circunstancias no permiten que esta tercera edici\u00f3n de este formato del festival se celebre a pie de calle, sus organizadores, la Asociaci\u00f3n de [&hellip;]<\/p>\n","protected":false},"author":1,"featured_media":20474,"comment_status":"open","ping_status":"closed","sticky":false,"template":"","format":"standard","meta":{"_acf_changed":false,"_et_pb_use_builder":"","_et_pb_old_content":"","_et_gb_content_width":"","content-type":"","footnotes":""},"categories":[],"tags":[],"dipi_cpt_category":[],"class_list":["post-25429","post","type-post","status-publish","format-standard","has-post-thumbnail","hentry"],"acf":[],"_links":{"self":[{"href":"https:\/\/www.elvendrellturisme.com\/es\/wp-json\/wp\/v2\/posts\/25429","targetHints":{"allow":["GET"]}}],"collection":[{"href":"https:\/\/www.elvendrellturisme.com\/es\/wp-json\/wp\/v2\/posts"}],"about":[{"href":"https:\/\/www.elvendrellturisme.com\/es\/wp-json\/wp\/v2\/types\/post"}],"author":[{"embeddable":true,"href":"https:\/\/www.elvendrellturisme.com\/es\/wp-json\/wp\/v2\/users\/1"}],"replies":[{"embeddable":true,"href":"https:\/\/www.elvendrellturisme.com\/es\/wp-json\/wp\/v2\/comments?post=25429"}],"version-history":[{"count":0,"href":"https:\/\/www.elvendrellturisme.com\/es\/wp-json\/wp\/v2\/posts\/25429\/revisions"}],"wp:featuredmedia":[{"embeddable":true,"href":"https:\/\/www.elvendrellturisme.com\/es\/wp-json\/wp\/v2\/media\/20474"}],"wp:attachment":[{"href":"https:\/\/www.elvendrellturisme.com\/es\/wp-json\/wp\/v2\/media?parent=25429"}],"wp:term":[{"taxonomy":"category","embeddable":true,"href":"https:\/\/www.elvendrellturisme.com\/es\/wp-json\/wp\/v2\/categories?post=25429"},{"taxonomy":"post_tag","embeddable":true,"href":"https:\/\/www.elvendrellturisme.com\/es\/wp-json\/wp\/v2\/tags?post=25429"},{"taxonomy":"dipi_cpt_category","embeddable":true,"href":"https:\/\/www.elvendrellturisme.com\/es\/wp-json\/wp\/v2\/dipi_cpt_category?post=25429"}],"curies":[{"name":"wp","href":"https:\/\/api.w.org\/{rel}","templated":true}]}}