{"id":25431,"date":"2020-10-21T11:49:09","date_gmt":"2020-10-21T11:49:09","guid":{"rendered":"http:\/\/tv.dms3labs.cat\/horario-y-recomendaciones-para-poder-garantizar-la-celebracion-de-todos-los-santos-de-forma-segura\/"},"modified":"2020-10-21T11:49:09","modified_gmt":"2020-10-21T11:49:09","slug":"horario-y-recomendaciones-para-poder-garantizar-la-celebracion-de-todos-los-santos-de-forma-segura","status":"publish","type":"post","link":"https:\/\/www.elvendrellturisme.com\/es\/horario-y-recomendaciones-para-poder-garantizar-la-celebracion-de-todos-los-santos-de-forma-segura\/","title":{"rendered":"Horario y recomendaciones para poder garantizar la celebraci\u00f3n de Todos los Santos de forma segura"},"content":{"rendered":"<p>Cementerio del Vendrell<\/p>\n<p>Del d\u00eda 26 de octubre hasta el 1 de noviembre el Cementerio permanecer\u00e1 abierto sin interrupci\u00f3n desde las 9 h hasta las 18 h.<\/p>\n<p>Como entrada y salida al recinto del Cementerio, se abrir\u00e1 toda la puerta de la calle de Apel\u00b7les Fenosa, con una valla y se\u00f1alizaci\u00f3n para separar la entrada de la salida.<\/p>\n<p>El control de entradas y salidas se reforzar\u00e1 con personal que pondr\u00e1 gel hidroalcoh\u00f3lico a las visitas.<\/p>\n<p>Se recomienda a los ciudadanos, en la medida de lo posible, adelantar las visitas de limpieza y depositar las flores antes del d\u00eda 1, para evitar que este d\u00eda se produzcan aglomeraciones que podr\u00edan conllevar restricciones al acceso.<\/p>\n<p>Ponerse gel hidroalcoh\u00f3lico antes y despu\u00e9s de utilizar las escaleras para acceder a los nichos. Por el recinto habr\u00e1 personal del Ayuntamiento con dispensadores de hielo.<\/p>\n<p>Reducir las visitas en grupos, evitar aglomeraciones y mantener las distancias f\u00edsica interpersonal de seguridad de al menos 1,5 metros.<\/p>\n<p>Las personas podr\u00e1n acercarse a depositar flores en los nichos manteniendo las medidas de higiene y respetando siempre la distancia interpersonal entre no convivientes.<\/p>\n<p>Se recomienda acudir al cementerio el d\u00eda 1 \u00fanicamente para realizar la visita con un m\u00e1ximo de 30 minutos. Cuando no se puedan garantizar las condiciones de seguridad se limitar\u00e1 el acceso al Cementerio.<\/p>\n<p>El d\u00eda 1 de noviembre las escaleras se utilizar\u00e1n exclusivamente por el personal del Cementerio. Los visitantes tendr\u00e1n prohibido el uso de la escalera.<\/p>\n<p>Cementerio de San Vicente<\/p>\n<p>Los d\u00edas 30 y 31 de octubre y el 1 de noviembre, el Cementerio permanecer\u00e1 abierto sin interrupci\u00f3n desde las 10 h hasta las 18 h.<\/p>\n<p>Se pondr\u00e1 un dispensador de gel hidroalcoh\u00f3lico en la entrada del Cementerio.<\/p>\n<p>Las recomendaciones para poder garantizar la seguridad ser\u00e1n las mismas para los dos cementerios.<\/p>\n<p>Todas estas medidas son especialmente importantes para garantizar la protecci\u00f3n de las personas.<\/p>\n","protected":false},"excerpt":{"rendered":"<p>Cementerio del Vendrell Del d\u00eda 26 de octubre hasta el 1 de noviembre el Cementerio permanecer\u00e1 abierto sin interrupci\u00f3n desde las 9 h hasta las 18 h. Como entrada y salida al recinto del Cementerio, se abrir\u00e1 toda la puerta de la calle de Apel\u00b7les Fenosa, con una valla y se\u00f1alizaci\u00f3n para separar la entrada [&hellip;]<\/p>\n","protected":false},"author":1,"featured_media":20482,"comment_status":"open","ping_status":"closed","sticky":false,"template":"","format":"standard","meta":{"_acf_changed":false,"_et_pb_use_builder":"","_et_pb_old_content":"","_et_gb_content_width":"","content-type":"","footnotes":""},"categories":[],"tags":[],"dipi_cpt_category":[],"class_list":["post-25431","post","type-post","status-publish","format-standard","has-post-thumbnail","hentry"],"acf":[],"_links":{"self":[{"href":"https:\/\/www.elvendrellturisme.com\/es\/wp-json\/wp\/v2\/posts\/25431","targetHints":{"allow":["GET"]}}],"collection":[{"href":"https:\/\/www.elvendrellturisme.com\/es\/wp-json\/wp\/v2\/posts"}],"about":[{"href":"https:\/\/www.elvendrellturisme.com\/es\/wp-json\/wp\/v2\/types\/post"}],"author":[{"embeddable":true,"href":"https:\/\/www.elvendrellturisme.com\/es\/wp-json\/wp\/v2\/users\/1"}],"replies":[{"embeddable":true,"href":"https:\/\/www.elvendrellturisme.com\/es\/wp-json\/wp\/v2\/comments?post=25431"}],"version-history":[{"count":0,"href":"https:\/\/www.elvendrellturisme.com\/es\/wp-json\/wp\/v2\/posts\/25431\/revisions"}],"wp:featuredmedia":[{"embeddable":true,"href":"https:\/\/www.elvendrellturisme.com\/es\/wp-json\/wp\/v2\/media\/20482"}],"wp:attachment":[{"href":"https:\/\/www.elvendrellturisme.com\/es\/wp-json\/wp\/v2\/media?parent=25431"}],"wp:term":[{"taxonomy":"category","embeddable":true,"href":"https:\/\/www.elvendrellturisme.com\/es\/wp-json\/wp\/v2\/categories?post=25431"},{"taxonomy":"post_tag","embeddable":true,"href":"https:\/\/www.elvendrellturisme.com\/es\/wp-json\/wp\/v2\/tags?post=25431"},{"taxonomy":"dipi_cpt_category","embeddable":true,"href":"https:\/\/www.elvendrellturisme.com\/es\/wp-json\/wp\/v2\/dipi_cpt_category?post=25431"}],"curies":[{"name":"wp","href":"https:\/\/api.w.org\/{rel}","templated":true}]}}