{"id":25434,"date":"2020-10-22T12:29:46","date_gmt":"2020-10-22T12:29:46","guid":{"rendered":"http:\/\/tv.dms3labs.cat\/se-presenta-un-nuevo-punto-de-libro-dedicado-a-pau-casals\/"},"modified":"2020-10-22T12:29:46","modified_gmt":"2020-10-22T12:29:46","slug":"se-presenta-un-nuevo-punto-de-libro-dedicado-a-pau-casals","status":"publish","type":"post","link":"https:\/\/www.elvendrellturisme.com\/es\/se-presenta-un-nuevo-punto-de-libro-dedicado-a-pau-casals\/","title":{"rendered":"Se presenta un nuevo punto de libro dedicado a Pau Casals"},"content":{"rendered":"<p>Como cada a\u00f1o desde el 2016, durante el mes de octubre, y en el marco del proyecto &quot;El Vendrell vivo Pau Casals&quot;, se presenta un punto de libro conmemorativo de la figura del m\u00fasico como parte de una serie. Se trata de un trabajo elaborado por la Biblioteca P\u00fablica Tierra Baja del Vendrell, conjuntamente con la Villa Museo Pau Casals de San Salvador y el museo de la Casa nativa de Pau Casals, y que cuenta con el patrocinio del Servicio de Bibliotecas de la Generalidad de Catalu\u00f1a.<\/p>\n<p>Todos los puntos de libro incluyen una frase del maestro y reproducciones de elementos bibliogr\u00e1ficos, discogr\u00e1ficos o muse\u00edsticos del fondo de la Biblioteca o de los museos participantes en el proyecto. En el caso del correspondiente al de este 2020, el dise\u00f1o est\u00e1 encabezado por la cita &quot;Por encima de todo un m\u00fasico es un hombre, y, por tanto, m\u00e1s importante aunque su m\u00fasica es su actitud ante la vida&quot; , as\u00ed como dos reproducciones de elementos conservados en el fondo de la Biblioteca: la portada de la publicaci\u00f3n con la partitura del &quot;Himno a las Naciones Unidas&quot;, y la del documental &quot;Pablo Casals: un musicien dans le monde&quot;.<\/p>\n<p>Los puntos se pueden recoger gratuitamente en la misma Biblioteca, en la Sala de Lectura de Coma ruga, en la Villa Museo Pau Casals de San Salvador o en el museo de la Casa natal de Pau Casals.<\/p>\n","protected":false},"excerpt":{"rendered":"<p>Como cada a\u00f1o desde el 2016, durante el mes de octubre, y en el marco del proyecto &quot;El Vendrell vivo Pau Casals&quot;, se presenta un punto de libro conmemorativo de la figura del m\u00fasico como parte de una serie. Se trata de un trabajo elaborado por la Biblioteca P\u00fablica Tierra Baja del Vendrell, conjuntamente con [&hellip;]<\/p>\n","protected":false},"author":1,"featured_media":20494,"comment_status":"open","ping_status":"closed","sticky":false,"template":"","format":"standard","meta":{"_acf_changed":false,"_et_pb_use_builder":"","_et_pb_old_content":"","_et_gb_content_width":"","content-type":"","footnotes":""},"categories":[],"tags":[],"dipi_cpt_category":[],"class_list":["post-25434","post","type-post","status-publish","format-standard","has-post-thumbnail","hentry"],"acf":[],"_links":{"self":[{"href":"https:\/\/www.elvendrellturisme.com\/es\/wp-json\/wp\/v2\/posts\/25434","targetHints":{"allow":["GET"]}}],"collection":[{"href":"https:\/\/www.elvendrellturisme.com\/es\/wp-json\/wp\/v2\/posts"}],"about":[{"href":"https:\/\/www.elvendrellturisme.com\/es\/wp-json\/wp\/v2\/types\/post"}],"author":[{"embeddable":true,"href":"https:\/\/www.elvendrellturisme.com\/es\/wp-json\/wp\/v2\/users\/1"}],"replies":[{"embeddable":true,"href":"https:\/\/www.elvendrellturisme.com\/es\/wp-json\/wp\/v2\/comments?post=25434"}],"version-history":[{"count":0,"href":"https:\/\/www.elvendrellturisme.com\/es\/wp-json\/wp\/v2\/posts\/25434\/revisions"}],"wp:featuredmedia":[{"embeddable":true,"href":"https:\/\/www.elvendrellturisme.com\/es\/wp-json\/wp\/v2\/media\/20494"}],"wp:attachment":[{"href":"https:\/\/www.elvendrellturisme.com\/es\/wp-json\/wp\/v2\/media?parent=25434"}],"wp:term":[{"taxonomy":"category","embeddable":true,"href":"https:\/\/www.elvendrellturisme.com\/es\/wp-json\/wp\/v2\/categories?post=25434"},{"taxonomy":"post_tag","embeddable":true,"href":"https:\/\/www.elvendrellturisme.com\/es\/wp-json\/wp\/v2\/tags?post=25434"},{"taxonomy":"dipi_cpt_category","embeddable":true,"href":"https:\/\/www.elvendrellturisme.com\/es\/wp-json\/wp\/v2\/dipi_cpt_category?post=25434"}],"curies":[{"name":"wp","href":"https:\/\/api.w.org\/{rel}","templated":true}]}}