{"id":25442,"date":"2020-12-04T14:44:28","date_gmt":"2020-12-04T14:44:28","guid":{"rendered":"http:\/\/tv.dms3labs.cat\/sus-majestades-los-reyes-de-oriente-llegaran-al-vendrell-con-un-espectaculo-en-la-pista-de-atletismo-con-aforo-limitado-y-entrada-previa\/"},"modified":"2020-12-04T14:44:28","modified_gmt":"2020-12-04T14:44:28","slug":"sus-majestades-los-reyes-de-oriente-llegaran-al-vendrell-con-un-espectaculo-en-la-pista-de-atletismo-con-aforo-limitado-y-entrada-previa","status":"publish","type":"post","link":"https:\/\/www.elvendrellturisme.com\/es\/sus-majestades-los-reyes-de-oriente-llegaran-al-vendrell-con-un-espectaculo-en-la-pista-de-atletismo-con-aforo-limitado-y-entrada-previa\/","title":{"rendered":"Sus Majestades los Reyes de Oriente llegar\u00e1n al Vendrell con un espect\u00e1culo en la pista de atletismo con aforo limitado y entrada previa"},"content":{"rendered":"<p>Los mensajeros recoger\u00e1n las cartas de los ni\u00f1os los d\u00edas 2 y 3 de enero tambi\u00e9n en la pista de atletismo y reserva previa<\/p>\n<p>La llegada de Sus Majestades los Reyes de Oriente en el Vendrell ya ha sido confirmada esta semana por SAR Art\u00e1bria y en consecuencia, desde se la Concejal\u00eda de Fiestas del Ayuntamiento y la Asociaci\u00f3n Reyes Magos de El Vendrell ya se ha comenzado a trabajar en la organizaci\u00f3n de los actos de este a\u00f1o. Unos actos que aunque, debido a la pandemia no podr\u00e1n incluir la cabalgata tradicional, ser\u00e1n igualmente pensados \u200b\u200bpara garantizar que los ni\u00f1os y ni\u00f1as del Vendrell disfruten al m\u00e1ximo de la llegada de Sus Majestades con todas las medidas de seguridad que determina la normativa de prevenci\u00f3n de la Covidien-19.<\/p>\n<p>As\u00ed lo ha explicado esta ma\u00f1ana el concejal de Fiestas, Christian Soriano, y Felipe Urgell, de la Asociaci\u00f3n de Reyes del Vendrell.<\/p>\n<p>De ah\u00ed que todos los actos previstos se har\u00e1n con aforo limitado y con entrada previa: tanto la recogida de cartas de los d\u00edas 2 y 3 de enero, en la pista de atletismo; como el espect\u00e1culo de la Fiesta de Reyes del d\u00eda 5 de enero, tambi\u00e9n en la pista de atletismo como un cuenta previsto para el 27 de diciembre en la plaza del T\u00edvoli.<\/p>\n<p>La reserva de entradas para los tres actos tendr\u00e1 tres v\u00edas: por un lado, se podr\u00e1 hacer online en la web www.elvendrell.net del 9 al 16 de diciembre; por otra parte, de forma presencial en la Escuela municipal de M\u00fasica Pau Casals de la Plaza del T\u00edvoli, del 9 al 11 de diciembre y del 14 al 16 de diciembre, en horario de 10h a 13h y por \u00faltimo, por tel\u00e9fono y whatsapp: del 14 al 16 de diciembre, de 17h a 19h: 607 49 3832 y 676 501 831.<\/p>\n<p>En cuanto a los actos, cada uno de ellos tendr\u00e1n unos requerimientos especiales para garantizar las medidas de seguridad necesarias:<\/p>\n<p>Recogida de cartas 2 y 3 de enero (Pista Atletismo)<br \/>\nM\u00e1ximo 4 acompa\u00f1antes para ni\u00f1o<br \/>\n-S\u00f3lo podr\u00e1n reservar entradas los y las residentes del Vendrell<br \/>\n-Aforament limitado<br \/>\n-Las colas de acceso ir\u00e1n separadas desde la entrada del recinto. En caso de ser m\u00e1s de un ni\u00f1o o ni\u00f1a es aconsejable reservar a un solo mensajero.<\/p>\n<p>D\u00eda de Reyes 5 de enero (Pista de Atletismo)<br \/>\n-Espect\u00e1culo recomendado para ni\u00f1os y ni\u00f1as de entre 3 y 10 a\u00f1os<br \/>\n-2 sesiones: 18h y 20h<br \/>\n-S\u00f3lo personas con hijos nacidos a partir de 2010<br \/>\n-Aforament limitado a un adulto por n\u00facleo familiar<br \/>\n-Empadronados en El Vendrell<br \/>\n-El espect\u00e1culo ser\u00e1 transmitido en directo por Televisi\u00f3n El Vendrell<\/p>\n<p>Cuentacuentos 27 de diciembre (plaza del T\u00edvoli)<br \/>\n-Aforament limitado a dos adultos por n\u00facleo familiar<br \/>\n-2 sesiones: 11h y 18h<br \/>\n-S\u00f3lo personas con hijos nacidos a partir de 2010<br \/>\n-Empadronados en El Vendrell<\/p>\n<p>Desde la concejal\u00eda de Fiestas y la Asociaci\u00f3n de Reyes ha querido remarcar el hecho de que si hay familias que no se encuentran dentro de estos requerimientos, no duden en ponerse en contacto con la concejal\u00eda a trav\u00e9s del correo elvdefesta @ elvendrell.net.<\/p>\n","protected":false},"excerpt":{"rendered":"<p>Los mensajeros recoger\u00e1n las cartas de los ni\u00f1os los d\u00edas 2 y 3 de enero tambi\u00e9n en la pista de atletismo y reserva previa La llegada de Sus Majestades los Reyes de Oriente en el Vendrell ya ha sido confirmada esta semana por SAR Art\u00e1bria y en consecuencia, desde se la Concejal\u00eda de Fiestas del [&hellip;]<\/p>\n","protected":false},"author":1,"featured_media":20528,"comment_status":"open","ping_status":"closed","sticky":false,"template":"","format":"standard","meta":{"_acf_changed":false,"_et_pb_use_builder":"","_et_pb_old_content":"","_et_gb_content_width":"","content-type":"","footnotes":""},"categories":[],"tags":[],"dipi_cpt_category":[],"class_list":["post-25442","post","type-post","status-publish","format-standard","has-post-thumbnail","hentry"],"acf":[],"_links":{"self":[{"href":"https:\/\/www.elvendrellturisme.com\/es\/wp-json\/wp\/v2\/posts\/25442","targetHints":{"allow":["GET"]}}],"collection":[{"href":"https:\/\/www.elvendrellturisme.com\/es\/wp-json\/wp\/v2\/posts"}],"about":[{"href":"https:\/\/www.elvendrellturisme.com\/es\/wp-json\/wp\/v2\/types\/post"}],"author":[{"embeddable":true,"href":"https:\/\/www.elvendrellturisme.com\/es\/wp-json\/wp\/v2\/users\/1"}],"replies":[{"embeddable":true,"href":"https:\/\/www.elvendrellturisme.com\/es\/wp-json\/wp\/v2\/comments?post=25442"}],"version-history":[{"count":0,"href":"https:\/\/www.elvendrellturisme.com\/es\/wp-json\/wp\/v2\/posts\/25442\/revisions"}],"wp:featuredmedia":[{"embeddable":true,"href":"https:\/\/www.elvendrellturisme.com\/es\/wp-json\/wp\/v2\/media\/20528"}],"wp:attachment":[{"href":"https:\/\/www.elvendrellturisme.com\/es\/wp-json\/wp\/v2\/media?parent=25442"}],"wp:term":[{"taxonomy":"category","embeddable":true,"href":"https:\/\/www.elvendrellturisme.com\/es\/wp-json\/wp\/v2\/categories?post=25442"},{"taxonomy":"post_tag","embeddable":true,"href":"https:\/\/www.elvendrellturisme.com\/es\/wp-json\/wp\/v2\/tags?post=25442"},{"taxonomy":"dipi_cpt_category","embeddable":true,"href":"https:\/\/www.elvendrellturisme.com\/es\/wp-json\/wp\/v2\/dipi_cpt_category?post=25442"}],"curies":[{"name":"wp","href":"https:\/\/api.w.org\/{rel}","templated":true}]}}