{"id":25443,"date":"2020-12-15T10:31:18","date_gmt":"2020-12-15T10:31:18","guid":{"rendered":"http:\/\/tv.dms3labs.cat\/turismo-del-vendrell-propone-un-fin-de-semana-medioambiental\/"},"modified":"2020-12-15T10:31:18","modified_gmt":"2020-12-15T10:31:18","slug":"turismo-del-vendrell-propone-un-fin-de-semana-medioambiental","status":"publish","type":"post","link":"https:\/\/www.elvendrellturisme.com\/es\/turismo-del-vendrell-propone-un-fin-de-semana-medioambiental\/","title":{"rendered":"Turismo del Vendrell propone un fin de semana medioambiental"},"content":{"rendered":"<p>Para el fin de semana 19 y 20 de diciembre, la Concejal\u00eda de Turismo ha organizado un fin de semana medioambiental.<br \/>\nLa propuesta del s\u00e1bado 19 de diciembre es descubrir el entorno natural del Vendrell y visitar el espacio natural de las Madrigueras junto con el Consejo Deportivo del Baix Pened\u00e8s y el Grupo ecologista GEVEN. Y el domingo 20 de diciembre se podr\u00e1 asistir a una charla sobre la Reserva Marina de Mas\u00eda Blanca y hacer una acci\u00f3n ambiental de recogida de residuos de la mano de la Organizaci\u00f3n ecologista la V\u00edbora.<br \/>\nLas plazas de las actividades son limitadas a 6 personas y hay que hacer reserva previa en el tel\u00e9fono 977 68 00 10.<\/p>\n<p>Para m\u00e1s informaci\u00f3n: www.elvendrellturistic.com<\/p>\n","protected":false},"excerpt":{"rendered":"<p>Para el fin de semana 19 y 20 de diciembre, la Concejal\u00eda de Turismo ha organizado un fin de semana medioambiental. La propuesta del s\u00e1bado 19 de diciembre es descubrir el entorno natural del Vendrell y visitar el espacio natural de las Madrigueras junto con el Consejo Deportivo del Baix Pened\u00e8s y el Grupo ecologista [&hellip;]<\/p>\n","protected":false},"author":1,"featured_media":20532,"comment_status":"open","ping_status":"closed","sticky":false,"template":"","format":"standard","meta":{"_acf_changed":false,"_et_pb_use_builder":"","_et_pb_old_content":"","_et_gb_content_width":"","content-type":"","footnotes":""},"categories":[],"tags":[],"dipi_cpt_category":[],"class_list":["post-25443","post","type-post","status-publish","format-standard","has-post-thumbnail","hentry"],"acf":[],"_links":{"self":[{"href":"https:\/\/www.elvendrellturisme.com\/es\/wp-json\/wp\/v2\/posts\/25443","targetHints":{"allow":["GET"]}}],"collection":[{"href":"https:\/\/www.elvendrellturisme.com\/es\/wp-json\/wp\/v2\/posts"}],"about":[{"href":"https:\/\/www.elvendrellturisme.com\/es\/wp-json\/wp\/v2\/types\/post"}],"author":[{"embeddable":true,"href":"https:\/\/www.elvendrellturisme.com\/es\/wp-json\/wp\/v2\/users\/1"}],"replies":[{"embeddable":true,"href":"https:\/\/www.elvendrellturisme.com\/es\/wp-json\/wp\/v2\/comments?post=25443"}],"version-history":[{"count":0,"href":"https:\/\/www.elvendrellturisme.com\/es\/wp-json\/wp\/v2\/posts\/25443\/revisions"}],"wp:featuredmedia":[{"embeddable":true,"href":"https:\/\/www.elvendrellturisme.com\/es\/wp-json\/wp\/v2\/media\/20532"}],"wp:attachment":[{"href":"https:\/\/www.elvendrellturisme.com\/es\/wp-json\/wp\/v2\/media?parent=25443"}],"wp:term":[{"taxonomy":"category","embeddable":true,"href":"https:\/\/www.elvendrellturisme.com\/es\/wp-json\/wp\/v2\/categories?post=25443"},{"taxonomy":"post_tag","embeddable":true,"href":"https:\/\/www.elvendrellturisme.com\/es\/wp-json\/wp\/v2\/tags?post=25443"},{"taxonomy":"dipi_cpt_category","embeddable":true,"href":"https:\/\/www.elvendrellturisme.com\/es\/wp-json\/wp\/v2\/dipi_cpt_category?post=25443"}],"curies":[{"name":"wp","href":"https:\/\/api.w.org\/{rel}","templated":true}]}}