{"id":25447,"date":"2021-02-18T10:21:43","date_gmt":"2021-02-18T10:21:43","guid":{"rendered":"http:\/\/tv.dms3labs.cat\/la-programacion-del-temporada-sigue-con-una-produccion-de-la-sala-flyhard\/"},"modified":"2021-02-18T10:21:43","modified_gmt":"2021-02-18T10:21:43","slug":"la-programacion-del-temporada-sigue-con-una-produccion-de-la-sala-flyhard","status":"publish","type":"post","link":"https:\/\/www.elvendrellturisme.com\/es\/la-programacion-del-temporada-sigue-con-una-produccion-de-la-sala-flyhard\/","title":{"rendered":"La programaci\u00f3n del Temporada sigue con una producci\u00f3n de la Sala Flyhard"},"content":{"rendered":"<p>Tras el exitoso inicio de la nueva programaci\u00f3n con el grupo B\u00fahos, el pr\u00f3ximo espect\u00e1culo que llega al Teatro \u00c0ngel Guimer\u00e0 el s\u00e1bado 20 de febrero, a las 20 h, es una producci\u00f3n de la Sala Flyhard. &#8216;Lo nuestro&#8217; nos sit\u00faa en una noche de A\u00f1o. Una noche para estar con familia y celebrar en armon\u00eda la llegada de un nuevo a\u00f1o. Una noche para hacer balance del a\u00f1o que termina y pedir nuevos deseos para el que comienza. Pero todos podemos so\u00f1ar en grande? O hay quien s\u00f3lo puede tener sue\u00f1os que quepan en una nuevo?<\/p>\n<p>Los Guerrero Fern\u00e1ndez, una familia de un barrio obrero, ya tienen la mesa puesta, la uva apunte y la tele puesta para ver las campanadas. Todo est\u00e1 listo para dar la bienvenida a un nuevo a\u00f1o, donde esperan que cambie su suerte.<\/p>\n<p>&#8216;Lo Nuestro&#8217; ha sido una obra seleccionada en la convocatoria de textos de la Sala Flyhard 19\/20, Premio Teatro Barcelona al mejor texto original y finalista en los premios Butaca como mejor espect\u00e1culo de peque\u00f1o formato.<\/p>\n<p>La sala Flyhard cumple 10 a\u00f1os esta temporada, una sala que naci\u00f3 como un espacio donde se programaban las obras de la Compa\u00f1\u00eda Flyhard, en que una obra pod\u00eda estar en cartel sin fecha de salida, con un equipo de actores m\u00e1s o menos fijo , un dramaturgo y director de cabecera, etc. La actividad de Flyhard ha ido transformando de compa\u00f1\u00eda productora en los \u00faltimos a\u00f1os, hemos querido mantener la implicaci\u00f3n como productora en todas las obras que se programan, pero ha abierto la puerta a muchos creadores (y los equipos art\u00edsticos con que han contado, desde actores hasta escen\u00f3grafos) que, dentro de la l\u00ednea marcada y reconocible que tiene la Flyhard, han enriquecido enormemente la sala como creadora de contenidos.<\/p>\n<p>En 2015 recibi\u00f3 el Premio de la Cr\u00edtica de Barcelona como Mejor Sala de Teatro.<\/p>\n<p>Las entradas para &#8216;Lo Nuestro&#8217; est\u00e1n numeradas y tienen un coste de 17 \u20ac \/ 13 \u20ac (con descuento). Se pueden comprar a trav\u00e9s de www.temporada.cat o tambi\u00e9n de forma presencial a la recepci\u00f3n del EMMPAC, los viernes no festivos, de 10 a 13h.<\/p>\n<p>LO NUESTRO<br \/>\nD\u00eda: S\u00e1bado 20 de febrero<br \/>\nLugar: Teatro \u00c0ngel Guimer\u00e0<br \/>\nHora: 20h<br \/>\nDuraci\u00f3n aproximada: 1 hora y 30 minutos<br \/>\nPrecio: 17 euros<br \/>\nPrecio con descuento: 13 euros<br \/>\nAutora: Eu Manzanares<br \/>\nDirectora: Merc\u00e8 Vila Godoy<br \/>\nInt\u00e9rpretes: Eli Iranzo, Eu Manzanares , Pau Poch y Manel Sans<br \/>\nProducci\u00f3n: Sala Flyhard<\/p>\n","protected":false},"excerpt":{"rendered":"<p>Tras el exitoso inicio de la nueva programaci\u00f3n con el grupo B\u00fahos, el pr\u00f3ximo espect\u00e1culo que llega al Teatro \u00c0ngel Guimer\u00e0 el s\u00e1bado 20 de febrero, a las 20 h, es una producci\u00f3n de la Sala Flyhard. &#8216;Lo nuestro&#8217; nos sit\u00faa en una noche de A\u00f1o. Una noche para estar con familia y celebrar en [&hellip;]<\/p>\n","protected":false},"author":1,"featured_media":26025,"comment_status":"open","ping_status":"closed","sticky":false,"template":"","format":"standard","meta":{"_acf_changed":false,"_et_pb_use_builder":"","_et_pb_old_content":"","_et_gb_content_width":"","content-type":"","footnotes":""},"categories":[],"tags":[],"dipi_cpt_category":[],"class_list":["post-25447","post","type-post","status-publish","format-standard","has-post-thumbnail","hentry"],"acf":[],"_links":{"self":[{"href":"https:\/\/www.elvendrellturisme.com\/es\/wp-json\/wp\/v2\/posts\/25447","targetHints":{"allow":["GET"]}}],"collection":[{"href":"https:\/\/www.elvendrellturisme.com\/es\/wp-json\/wp\/v2\/posts"}],"about":[{"href":"https:\/\/www.elvendrellturisme.com\/es\/wp-json\/wp\/v2\/types\/post"}],"author":[{"embeddable":true,"href":"https:\/\/www.elvendrellturisme.com\/es\/wp-json\/wp\/v2\/users\/1"}],"replies":[{"embeddable":true,"href":"https:\/\/www.elvendrellturisme.com\/es\/wp-json\/wp\/v2\/comments?post=25447"}],"version-history":[{"count":0,"href":"https:\/\/www.elvendrellturisme.com\/es\/wp-json\/wp\/v2\/posts\/25447\/revisions"}],"wp:featuredmedia":[{"embeddable":true,"href":"https:\/\/www.elvendrellturisme.com\/es\/wp-json\/wp\/v2\/media\/26025"}],"wp:attachment":[{"href":"https:\/\/www.elvendrellturisme.com\/es\/wp-json\/wp\/v2\/media?parent=25447"}],"wp:term":[{"taxonomy":"category","embeddable":true,"href":"https:\/\/www.elvendrellturisme.com\/es\/wp-json\/wp\/v2\/categories?post=25447"},{"taxonomy":"post_tag","embeddable":true,"href":"https:\/\/www.elvendrellturisme.com\/es\/wp-json\/wp\/v2\/tags?post=25447"},{"taxonomy":"dipi_cpt_category","embeddable":true,"href":"https:\/\/www.elvendrellturisme.com\/es\/wp-json\/wp\/v2\/dipi_cpt_category?post=25447"}],"curies":[{"name":"wp","href":"https:\/\/api.w.org\/{rel}","templated":true}]}}