{"id":25458,"date":"2021-03-31T11:05:07","date_gmt":"2021-03-31T11:05:07","guid":{"rendered":"http:\/\/tv.dms3labs.cat\/el-vendrell-apuesta-por-la-recogida-de-residuos-voluminosos-en-la-demanda-para-mejorar-el-servicio-y-el-espacio-urbano\/"},"modified":"2021-03-31T11:05:07","modified_gmt":"2021-03-31T11:05:07","slug":"el-vendrell-apuesta-por-la-recogida-de-residuos-voluminosos-en-la-demanda-para-mejorar-el-servicio-y-el-espacio-urbano","status":"publish","type":"post","link":"https:\/\/www.elvendrellturisme.com\/es\/el-vendrell-apuesta-por-la-recogida-de-residuos-voluminosos-en-la-demanda-para-mejorar-el-servicio-y-el-espacio-urbano\/","title":{"rendered":"El Vendrell apuesta por la recogida de residuos voluminosos en la demanda para mejorar el servicio y el espacio urbano"},"content":{"rendered":"<p>El Ayuntamiento de El Vendrell ha decidido hacer un cambio en el servicio de recogida de residuos voluminosos para hacerlo m\u00e1s eficiente y al mismo tiempo m\u00e1s c\u00f3modo para la ciudadan\u00eda. Si hasta ahora las personas que quisieran deshacerse de un voluminoso deb\u00edan llamar y dejar el material el d\u00eda de la semana que tocaba seg\u00fan el calendario de recogida, a partir del pr\u00f3ximo lunes 29 de marzo el servicio se ofrecer\u00e1 a la demanda .<\/p>\n<p>El Ayuntamiento de El Vendrell sigue con la hoja de ruta para el cambio en la gesti\u00f3n de los residuos municipales con esta modificaci\u00f3n, que persigue tambi\u00e9n el objetivo de conseguir evitar al m\u00e1ximo posible los vertidos incontrolados de residuos voluminosos, principalmente muebles viejos y trastos varias , de manera que todo ello revierta en un entorno urbano m\u00e1s limpio y ordenado.<br \/>\nLa concejala de Recogida de residuos, N\u00faria Rovira, explic\u00f3 que, especialmente, tras el desconfinament del a\u00f1o pasado, se empez\u00f3 a observar que el sistema de recogida actual no pod\u00eda hacer frente a los nuevos h\u00e1bitos y necesidades de la ciudadan\u00eda. &quot;La gente compra m\u00e1s por Internet, hace muchas reformas y cambios en los domicilios y segundas residencias, etc &#8230; y esto genera la necesidad de deshacerse de muebles y trastos viejos muy a menudo&quot;. Tras estudiar el modelo del servicio y de compartir experiencias con otros municipios, se ha llegado a la conclusi\u00f3n de que este ser\u00e1 m\u00e1s eficiente y con el mismo coste, si se hace en la demanda.<\/p>\n<p>C\u00f3mo funcionar\u00e1 el servicio?<\/p>\n<p>La recogida es un servicio gratuito que funcionar\u00e1 de lunes a s\u00e1bado. Se podr\u00e1 pedir en tan s\u00f3lo tres pasos:<\/p>\n<p>1. Llamando al 977 16 64 53 para avisar y concretar el d\u00eda de la recogida de los residuos voluminosos. (pr\u00f3ximamente, a trav\u00e9s de una APP)<br \/>\n2. Dejarlos en la calle frente a su casa.<br \/>\n3. Se recoger\u00e1 en el plazo m\u00e1ximo de 48 horas.<\/p>\n<p>Eso s\u00ed, desde la concejal\u00eda se recuerda que este no es un servicio de vaciado de pisos y s\u00f3lo se podr\u00e1 sacar un objeto grande (armario, lavadora, etc) y 3 o 4 si son peque\u00f1os (sillas, mesillas, l\u00e1mparas, etc) . En caso de necesitar sacar m\u00e1s residuos, habr\u00e1 que hacer m\u00e1s peticiones del servicio en otros d\u00edas.<\/p>\n<p>A las puertas de Semana Santa, y con el previsible aumento de poblaci\u00f3n especialmente en los n\u00facleos mar\u00edtimos, desde el Ayuntamiento del Vendrell se pondr\u00e1 en marcha el pr\u00f3ximo lunes una campa\u00f1a informativa con el lema &quot;Llama, tu eres el cambio&quot; para explicar los cambios en el servicio y concienciar a la poblaci\u00f3n de la importancia de utilizarlo para hacer, entre todos, un municipio con un espacio p\u00fablico de m\u00e1s calidad.<\/p>\n<p>As\u00ed, durante los pr\u00f3ximos d\u00edas se instalar\u00e1n puntos informativos en las playas. En concreto, ser\u00e1n el viernes 2 de abril en la Placeta de la Carretera de V\u00eda de Comunicaci\u00f3n Social al Franc\u00e0s, el s\u00e1bado 3 de abril en la Plaza Germans Trillas de Coma-ruga y el domingo 4 de abril en la Plaza de las Palmeras de San Salvador. El horario de los puntos informativos ser\u00e1 de 11 a 13 horas.<\/p>\n<p>Tambi\u00e9n se ha hecho la edici\u00f3n de un im\u00e1n y tr\u00edpticos informativos, de los cuales se har\u00e1 una buzoneo a las viviendas de los n\u00facleos mar\u00edtimos en las pr\u00f3ximas semanas. El servicio tambi\u00e9n se anunciar\u00e1 a trav\u00e9s de carteles informativos repartidos en diferentes espacios y establecimientos del municipio.<\/p>\n","protected":false},"excerpt":{"rendered":"<p>El Ayuntamiento de El Vendrell ha decidido hacer un cambio en el servicio de recogida de residuos voluminosos para hacerlo m\u00e1s eficiente y al mismo tiempo m\u00e1s c\u00f3modo para la ciudadan\u00eda. Si hasta ahora las personas que quisieran deshacerse de un voluminoso deb\u00edan llamar y dejar el material el d\u00eda de la semana que tocaba [&hellip;]<\/p>\n","protected":false},"author":1,"featured_media":20588,"comment_status":"open","ping_status":"closed","sticky":false,"template":"","format":"standard","meta":{"_acf_changed":false,"_et_pb_use_builder":"","_et_pb_old_content":"","_et_gb_content_width":"","content-type":"","footnotes":""},"categories":[],"tags":[],"dipi_cpt_category":[],"class_list":["post-25458","post","type-post","status-publish","format-standard","has-post-thumbnail","hentry"],"acf":[],"_links":{"self":[{"href":"https:\/\/www.elvendrellturisme.com\/es\/wp-json\/wp\/v2\/posts\/25458","targetHints":{"allow":["GET"]}}],"collection":[{"href":"https:\/\/www.elvendrellturisme.com\/es\/wp-json\/wp\/v2\/posts"}],"about":[{"href":"https:\/\/www.elvendrellturisme.com\/es\/wp-json\/wp\/v2\/types\/post"}],"author":[{"embeddable":true,"href":"https:\/\/www.elvendrellturisme.com\/es\/wp-json\/wp\/v2\/users\/1"}],"replies":[{"embeddable":true,"href":"https:\/\/www.elvendrellturisme.com\/es\/wp-json\/wp\/v2\/comments?post=25458"}],"version-history":[{"count":0,"href":"https:\/\/www.elvendrellturisme.com\/es\/wp-json\/wp\/v2\/posts\/25458\/revisions"}],"wp:featuredmedia":[{"embeddable":true,"href":"https:\/\/www.elvendrellturisme.com\/es\/wp-json\/wp\/v2\/media\/20588"}],"wp:attachment":[{"href":"https:\/\/www.elvendrellturisme.com\/es\/wp-json\/wp\/v2\/media?parent=25458"}],"wp:term":[{"taxonomy":"category","embeddable":true,"href":"https:\/\/www.elvendrellturisme.com\/es\/wp-json\/wp\/v2\/categories?post=25458"},{"taxonomy":"post_tag","embeddable":true,"href":"https:\/\/www.elvendrellturisme.com\/es\/wp-json\/wp\/v2\/tags?post=25458"},{"taxonomy":"dipi_cpt_category","embeddable":true,"href":"https:\/\/www.elvendrellturisme.com\/es\/wp-json\/wp\/v2\/dipi_cpt_category?post=25458"}],"curies":[{"name":"wp","href":"https:\/\/api.w.org\/{rel}","templated":true}]}}