{"id":25461,"date":"2021-04-27T12:07:42","date_gmt":"2021-04-27T12:07:42","guid":{"rendered":"http:\/\/tv.dms3labs.cat\/la-comarruga-en-teselas-de-santiago-padros\/"},"modified":"2021-04-27T12:07:42","modified_gmt":"2021-04-27T12:07:42","slug":"la-comarruga-en-teselas-de-santiago-padros","status":"publish","type":"post","link":"https:\/\/www.elvendrellturisme.com\/es\/la-comarruga-en-teselas-de-santiago-padros\/","title":{"rendered":"La Comarruga en Teselas de Santiago Padr\u00f3s"},"content":{"rendered":"<p>Con motivo del 50 aniversario del traspaso del artista Santiago Padr\u00f3s, el Ayuntamiento del Vendrell dentro del proyecto FEDER Comarruga, organiza diversos actos conmemorativos con el objetivo de acercar la cultura a los m\u00e1s peque\u00f1os y dar a conocer la figura art\u00edstica y la obra de Santiago Padr\u00f3s, mosaicista de renombre internacional y estrechamente vinculado al n\u00facleo mar\u00edtimo de Coma-ruga.<\/p>\n<p>Ruta Santiago Padr\u00f3s<\/p>\n<p>D\u00eda: Viernes 30 de abril de 2021<\/p>\n<p>Hora: 17 h<\/p>\n<p>D\u00f3nde: Punto de inicio (en el cementerio de El Vendrell por su entrada por la calle de Apel\u00b7les Fenosa)<\/p>\n<p>Con motivo del 50 aniversario del fallecimiento del artista, se visitar\u00e1 su nicho en el cementerio municipal de El Vendrell. El punto de inicio de la actividad es el acceso al cementerio por la calle de Apel\u00b7les Fenosa. A continuaci\u00f3n, se ir\u00e1 a la plaza Vella para comentar la vinculaci\u00f3n del artista con el mundo casteller Vendrell.<\/p>\n<p>Las plazas son limitadas y es necesaria reserva previa en la web museudeuelvendrell.blogspot.com  (dentro del apartado Agenda).<\/p>\n<p>Charla: &quot;Mitos y leyendas a los mosaicos de Comarruga&quot;<\/p>\n<p>D\u00eda: Viernes 30 de abril de 2021<\/p>\n<p>Hora: 18 h<\/p>\n<p>D\u00f3nde: Museo Deu<\/p>\n<p>El Museo Deu organiza una charla sobre los mosaicos que el artista realiz\u00f3 en el n\u00facleo mar\u00edtimo de Coma-ruga, su historia y mitolog\u00eda. La charla correr\u00e1 a cargo de Lorena Beas.<\/p>\n<p>Las plazas son limitadas y es necesaria reserva previa en la web museudeuelvendrell.blogspot.com  (dentro del apartado Agenda).<\/p>\n<p>El Reto de Padr\u00f3s<\/p>\n<p>D\u00eda: S\u00e1bado 1 de mayo de 2021<\/p>\n<p>Hora: de las 10 ha las 14 h<\/p>\n<p>D\u00f3nde: Plaza Germans Trillas (Comarruga)<\/p>\n<p>&quot;El Reto de Padr\u00f3s&quot; es una actividad familiar que consiste en el montaje de uno de los dos puzzles gigantes (6,5 mx 4,5 m, 35 piezas), centrados en la obra de Padr\u00f3s, en el menor tiempo posible. Mediante sorteo, uno de los equipos participantes podr\u00e1 ganar entradas para uno de los espect\u00e1culos del Temporada.<\/p>\n<p>Aspectos a tener en cuenta:<br \/>\n-Cada equipo lo podr\u00e1n conformar un m\u00e1ximo de 5 personas (grupo burbuja) y deber\u00e1 estar confirmado para adultos y menores.<br \/>\n-El tiempo m\u00e1ximo para montar el mosaico son 15 minutos.<br \/>\n-No es necesario reservar.<\/p>\n","protected":false},"excerpt":{"rendered":"<p>Con motivo del 50 aniversario del traspaso del artista Santiago Padr\u00f3s, el Ayuntamiento del Vendrell dentro del proyecto FEDER Comarruga, organiza diversos actos conmemorativos con el objetivo de acercar la cultura a los m\u00e1s peque\u00f1os y dar a conocer la figura art\u00edstica y la obra de Santiago Padr\u00f3s, mosaicista de renombre internacional y estrechamente vinculado [&hellip;]<\/p>\n","protected":false},"author":1,"featured_media":20600,"comment_status":"open","ping_status":"closed","sticky":false,"template":"","format":"standard","meta":{"_acf_changed":false,"_et_pb_use_builder":"","_et_pb_old_content":"","_et_gb_content_width":"","content-type":"","footnotes":""},"categories":[],"tags":[],"dipi_cpt_category":[],"class_list":["post-25461","post","type-post","status-publish","format-standard","has-post-thumbnail","hentry"],"acf":[],"_links":{"self":[{"href":"https:\/\/www.elvendrellturisme.com\/es\/wp-json\/wp\/v2\/posts\/25461","targetHints":{"allow":["GET"]}}],"collection":[{"href":"https:\/\/www.elvendrellturisme.com\/es\/wp-json\/wp\/v2\/posts"}],"about":[{"href":"https:\/\/www.elvendrellturisme.com\/es\/wp-json\/wp\/v2\/types\/post"}],"author":[{"embeddable":true,"href":"https:\/\/www.elvendrellturisme.com\/es\/wp-json\/wp\/v2\/users\/1"}],"replies":[{"embeddable":true,"href":"https:\/\/www.elvendrellturisme.com\/es\/wp-json\/wp\/v2\/comments?post=25461"}],"version-history":[{"count":0,"href":"https:\/\/www.elvendrellturisme.com\/es\/wp-json\/wp\/v2\/posts\/25461\/revisions"}],"wp:featuredmedia":[{"embeddable":true,"href":"https:\/\/www.elvendrellturisme.com\/es\/wp-json\/wp\/v2\/media\/20600"}],"wp:attachment":[{"href":"https:\/\/www.elvendrellturisme.com\/es\/wp-json\/wp\/v2\/media?parent=25461"}],"wp:term":[{"taxonomy":"category","embeddable":true,"href":"https:\/\/www.elvendrellturisme.com\/es\/wp-json\/wp\/v2\/categories?post=25461"},{"taxonomy":"post_tag","embeddable":true,"href":"https:\/\/www.elvendrellturisme.com\/es\/wp-json\/wp\/v2\/tags?post=25461"},{"taxonomy":"dipi_cpt_category","embeddable":true,"href":"https:\/\/www.elvendrellturisme.com\/es\/wp-json\/wp\/v2\/dipi_cpt_category?post=25461"}],"curies":[{"name":"wp","href":"https:\/\/api.w.org\/{rel}","templated":true}]}}