{"id":25462,"date":"2021-04-27T13:42:41","date_gmt":"2021-04-27T13:42:41","guid":{"rendered":"http:\/\/tv.dms3labs.cat\/el-grupo-de-versiones-cat-rock-lleva-su-espectaculo-familiar-en-el-vendrell-este-domingo-2-de-mayo\/"},"modified":"2021-04-27T13:42:41","modified_gmt":"2021-04-27T13:42:41","slug":"el-grupo-de-versiones-cat-rock-lleva-su-espectaculo-familiar-en-el-vendrell-este-domingo-2-de-mayo","status":"publish","type":"post","link":"https:\/\/www.elvendrellturisme.com\/es\/el-grupo-de-versiones-cat-rock-lleva-su-espectaculo-familiar-en-el-vendrell-este-domingo-2-de-mayo\/","title":{"rendered":"El grupo de versiones Cat Rock lleva su espect\u00e1culo familiar en el Vendrell este domingo 2 de mayo"},"content":{"rendered":"<p>Este pr\u00f3ximo domingo 2 de mayo, a las 12 h, en el aparcamiento del lado de la Escuela Ralet Ralet, se llevar\u00e1 a cabo un espect\u00e1culo familiar. Cat Rock ser\u00e1 quien presentar\u00e1 su concierto-espect\u00e1culo LOLO, ON ETS?<\/p>\n<p>En palabras del concejal de Fiestas, Christian Soriano, &quot;esta es una manera de agradecer a los m\u00e1s peque\u00f1os su comportamiento ejemplar durante todos estos largos meses de pandemia. Es hora de que lo pasen bien &quot;.<\/p>\n<p>Cat Rock es un grupo de versiones con m\u00e1s de 11 a\u00f1os de trayectoria que estrena su nuevo concierto-espect\u00e1culo creado especialmente para que disfruten tanto grandes como peque\u00f1os.<\/p>\n<p>En esta nueva aventura se incorpora al grupo la Rat Cebri\u00e1n, maestra de escuela con larga experiencia como narradora de historias tanto para adultos como para ni\u00f1os.<\/p>\n<p>Debido a las medidas sanitarias aplicadas por Covid-19, el aforo es limitado y hay que hacer inscripci\u00f3n previa a trav\u00e9s de este formulario: Formulario de asistencia a Cat Rock en familia en El Vendrell<\/p>\n<p>Tambi\u00e9n puede encontrar el enlace en Facebook, Twitter e Instagram: @elVdefesta.<\/p>\n","protected":false},"excerpt":{"rendered":"<p>Este pr\u00f3ximo domingo 2 de mayo, a las 12 h, en el aparcamiento del lado de la Escuela Ralet Ralet, se llevar\u00e1 a cabo un espect\u00e1culo familiar. Cat Rock ser\u00e1 quien presentar\u00e1 su concierto-espect\u00e1culo LOLO, ON ETS? En palabras del concejal de Fiestas, Christian Soriano, &quot;esta es una manera de agradecer a los m\u00e1s peque\u00f1os [&hellip;]<\/p>\n","protected":false},"author":1,"featured_media":20604,"comment_status":"open","ping_status":"closed","sticky":false,"template":"","format":"standard","meta":{"_acf_changed":false,"_et_pb_use_builder":"","_et_pb_old_content":"","_et_gb_content_width":"","content-type":"","footnotes":""},"categories":[],"tags":[],"dipi_cpt_category":[],"class_list":["post-25462","post","type-post","status-publish","format-standard","has-post-thumbnail","hentry"],"acf":[],"_links":{"self":[{"href":"https:\/\/www.elvendrellturisme.com\/es\/wp-json\/wp\/v2\/posts\/25462","targetHints":{"allow":["GET"]}}],"collection":[{"href":"https:\/\/www.elvendrellturisme.com\/es\/wp-json\/wp\/v2\/posts"}],"about":[{"href":"https:\/\/www.elvendrellturisme.com\/es\/wp-json\/wp\/v2\/types\/post"}],"author":[{"embeddable":true,"href":"https:\/\/www.elvendrellturisme.com\/es\/wp-json\/wp\/v2\/users\/1"}],"replies":[{"embeddable":true,"href":"https:\/\/www.elvendrellturisme.com\/es\/wp-json\/wp\/v2\/comments?post=25462"}],"version-history":[{"count":0,"href":"https:\/\/www.elvendrellturisme.com\/es\/wp-json\/wp\/v2\/posts\/25462\/revisions"}],"wp:featuredmedia":[{"embeddable":true,"href":"https:\/\/www.elvendrellturisme.com\/es\/wp-json\/wp\/v2\/media\/20604"}],"wp:attachment":[{"href":"https:\/\/www.elvendrellturisme.com\/es\/wp-json\/wp\/v2\/media?parent=25462"}],"wp:term":[{"taxonomy":"category","embeddable":true,"href":"https:\/\/www.elvendrellturisme.com\/es\/wp-json\/wp\/v2\/categories?post=25462"},{"taxonomy":"post_tag","embeddable":true,"href":"https:\/\/www.elvendrellturisme.com\/es\/wp-json\/wp\/v2\/tags?post=25462"},{"taxonomy":"dipi_cpt_category","embeddable":true,"href":"https:\/\/www.elvendrellturisme.com\/es\/wp-json\/wp\/v2\/dipi_cpt_category?post=25462"}],"curies":[{"name":"wp","href":"https:\/\/api.w.org\/{rel}","templated":true}]}}