{"id":25465,"date":"2021-06-07T12:35:59","date_gmt":"2021-06-07T12:35:59","guid":{"rendered":"http:\/\/tv.dms3labs.cat\/nueva-aplicacion-movil-cuidemos-el-vendrell-para-comunicar-incidencias-en-la-via-publica-de-manera-rapida-y-sencilla\/"},"modified":"2021-06-07T12:35:59","modified_gmt":"2021-06-07T12:35:59","slug":"nueva-aplicacion-movil-cuidemos-el-vendrell-para-comunicar-incidencias-en-la-via-publica-de-manera-rapida-y-sencilla","status":"publish","type":"post","link":"https:\/\/www.elvendrellturisme.com\/es\/nueva-aplicacion-movil-cuidemos-el-vendrell-para-comunicar-incidencias-en-la-via-publica-de-manera-rapida-y-sencilla\/","title":{"rendered":"Nueva aplicaci\u00f3n m\u00f3vil &quot;Cuidemos el Vendrell&quot; para comunicar incidencias en la v\u00eda p\u00fablica de manera r\u00e1pida y sencilla"},"content":{"rendered":"<p>El Ayuntamiento del Vendrell ha anunciado la puesta en funcionamiento de la app de gesti\u00f3n de incidencias en el espacio p\u00fablico &quot;Cuidemos el Vendrell&quot;. En concreto, la aplicaci\u00f3n permite que la ciudadan\u00eda comunique incidencias relacionadas con la limpieza viaria y la recogida de residuos, los parques, jardines, arbolado y juegos infantiles; el alumbrado p\u00fablico y sem\u00e1foros; el mobiliario urbano y se\u00f1ales; el alcantarillado; el control de plagas; la recogida puerta a puerta; la movilidad y el transporte y el medio natural y las playas.<\/p>\n<p>Por un lado, con la APP, la ciudadan\u00eda adquiere un papel activo en la detecci\u00f3n, gesti\u00f3n y resoluci\u00f3n de incidencias en el municipio, facilitando la comunicaci\u00f3n directa entre el Ayuntamiento y la ciudadan\u00eda. Por este motivo se ha escogido como nombre de la aplicaci\u00f3n &quot;Cuidemos el Vendrell&quot;, apelando a la corresponsabilidad para disfrutar de un municipio con un espacio p\u00fablico de m\u00e1s calidad. En palabras de la concejala de Urbanismo, Medio Ambiente y Residuos, N\u00faria Rovira, &quot;El Vendrell se merece un espacio p\u00fablico digno. Y por eso es necesario que todos y todas nos sentimos part\u00edcipes a la hora de cuidarlo. Esta APP es una nueva herramienta que nos lo pondr\u00e1 m\u00e1s f\u00e1cil &quot;.<\/p>\n<p>Por otra parte, con la nueva APP evitar\u00e1 la actual multiplicidad de entradas de comunicaci\u00f3n de incidencias que no son estrictamente la de la instancia y que hoy en d\u00eda son las m\u00e1s habituales: redes sociales, correos electr\u00f3nicos, llamadas, Digue &#8216;ns como lo ves, etc. Esto permitir\u00e1 cuantificarlas, derivar directamente a las empresas prestadoras de servicios (en su caso) o al departamento correspondiente, y en definitiva, conseguir una mayor efectividad en su gesti\u00f3n y resoluci\u00f3n. En este sentido, el concejal del SAC, Baltasar Santos, ha destacado que la APP, adem\u00e1s de mejorar la comunicaci\u00f3n con la ciudadan\u00eda &quot;mejorar\u00e1 el trabajo interno y la coordinaci\u00f3n entre los departamentos y tambi\u00e9n la eficiencia en la prestaci\u00f3n de los servicios&quot; .<\/p>\n<p>La informaci\u00f3n que se genere a partir de la APP permitir\u00e1 ir construyendo un &quot;mapa&quot; de incidencias municipal: ver qu\u00e9 pasa en cada barrio, qu\u00e9 tipolog\u00eda de incidencias se producen, con qu\u00e9 frecuencia, etc y, por tanto, definir estrategias de acci\u00f3n m\u00e1s eficientes.<\/p>\n<p>APP &quot;CUIDAMOS EL VENDRELL&quot;<\/p>\n<p>\u00bfPor qu\u00e9 es \u00fatil?<\/p>\n<p>\u2022 Es r\u00e1pida y f\u00e1cil de usar.<br \/>\n\u2022 Los avisos llegan directamente al departamento o la empresa que gestiona el servicio<br \/>\n\u2022 Facilita la comunicaci\u00f3n directa entre el Ayuntamiento y la ciudadan\u00eda.<br \/>\n\u2022 Es gratuita.<br \/>\n\u2022 Puedes hacer el seguimiento de tus incidencias.<br \/>\n\u2022 Colaboras en la mejora del espacio p\u00fablico.<\/p>\n<p>\u00bfC\u00f3mo funciona?<br \/>\n1. Descarga la app.<br \/>\n2. Elige el tipo de incidencia.<br \/>\n3. Indica la ubicaci\u00f3n (aseg\u00farate de tener la geolocalizaci\u00f3n activada).<br \/>\n4. Adjunta una fotograf\u00eda.<br \/>\n5. Agregar un comentario, en su caso.<br \/>\n6. Env\u00edanosla lo!<br \/>\n7. El departamento o la empresa reciben el aviso y activa los mecanismos para dar respuesta a la incidencia.<br \/>\n8. Haz el seguimiento<\/p>\n<p>En el momento que se genera una incidencia, la app devuelve una respuesta inmediata con un n\u00famero de seguimiento. El tiempo de resoluci\u00f3n puede variar seg\u00fan la naturaleza y urgencia de la incidencia.<\/p>\n<p>La ciudadan\u00eda tendr\u00e1 el seguimiento de la incidencia en sus manos. En el apartamento de &quot;Hist\u00f3rico&quot; de la aplicaci\u00f3n, el ciudadano podr\u00e1 ver los pasos y el proceso de cada incidencia.<\/p>\n","protected":false},"excerpt":{"rendered":"<p>El Ayuntamiento del Vendrell ha anunciado la puesta en funcionamiento de la app de gesti\u00f3n de incidencias en el espacio p\u00fablico &quot;Cuidemos el Vendrell&quot;. En concreto, la aplicaci\u00f3n permite que la ciudadan\u00eda comunique incidencias relacionadas con la limpieza viaria y la recogida de residuos, los parques, jardines, arbolado y juegos infantiles; el alumbrado p\u00fablico y [&hellip;]<\/p>\n","protected":false},"author":1,"featured_media":20616,"comment_status":"open","ping_status":"closed","sticky":false,"template":"","format":"standard","meta":{"_acf_changed":false,"_et_pb_use_builder":"","_et_pb_old_content":"","_et_gb_content_width":"","content-type":"","footnotes":""},"categories":[],"tags":[],"dipi_cpt_category":[],"class_list":["post-25465","post","type-post","status-publish","format-standard","has-post-thumbnail","hentry"],"acf":[],"_links":{"self":[{"href":"https:\/\/www.elvendrellturisme.com\/es\/wp-json\/wp\/v2\/posts\/25465","targetHints":{"allow":["GET"]}}],"collection":[{"href":"https:\/\/www.elvendrellturisme.com\/es\/wp-json\/wp\/v2\/posts"}],"about":[{"href":"https:\/\/www.elvendrellturisme.com\/es\/wp-json\/wp\/v2\/types\/post"}],"author":[{"embeddable":true,"href":"https:\/\/www.elvendrellturisme.com\/es\/wp-json\/wp\/v2\/users\/1"}],"replies":[{"embeddable":true,"href":"https:\/\/www.elvendrellturisme.com\/es\/wp-json\/wp\/v2\/comments?post=25465"}],"version-history":[{"count":0,"href":"https:\/\/www.elvendrellturisme.com\/es\/wp-json\/wp\/v2\/posts\/25465\/revisions"}],"wp:featuredmedia":[{"embeddable":true,"href":"https:\/\/www.elvendrellturisme.com\/es\/wp-json\/wp\/v2\/media\/20616"}],"wp:attachment":[{"href":"https:\/\/www.elvendrellturisme.com\/es\/wp-json\/wp\/v2\/media?parent=25465"}],"wp:term":[{"taxonomy":"category","embeddable":true,"href":"https:\/\/www.elvendrellturisme.com\/es\/wp-json\/wp\/v2\/categories?post=25465"},{"taxonomy":"post_tag","embeddable":true,"href":"https:\/\/www.elvendrellturisme.com\/es\/wp-json\/wp\/v2\/tags?post=25465"},{"taxonomy":"dipi_cpt_category","embeddable":true,"href":"https:\/\/www.elvendrellturisme.com\/es\/wp-json\/wp\/v2\/dipi_cpt_category?post=25465"}],"curies":[{"name":"wp","href":"https:\/\/api.w.org\/{rel}","templated":true}]}}