{"id":25473,"date":"2021-06-22T08:07:43","date_gmt":"2021-06-22T08:07:43","guid":{"rendered":"http:\/\/tv.dms3labs.cat\/un-cuaderno-educativo-para-conocer-la-historia-de-comarruga\/"},"modified":"2021-06-22T08:07:43","modified_gmt":"2021-06-22T08:07:43","slug":"un-cuaderno-educativo-para-conocer-la-historia-de-comarruga","status":"publish","type":"post","link":"https:\/\/www.elvendrellturisme.com\/es\/un-cuaderno-educativo-para-conocer-la-historia-de-comarruga\/","title":{"rendered":"Un cuaderno educativo para conocer la historia de Comarruga"},"content":{"rendered":"<p>El Vendrell 21 de junio de 2021<\/p>\n<p>En colaboraci\u00f3n con las concejal\u00edas de Educaci\u00f3n y de Cultura y el instituto escuela Comarruga, en el marco del proyecto Feder Comarruga ha desarrollado un cuaderno educativo para explicar a los alumnos de segundo de primaria la historia de este n\u00facleo mar\u00edtimo, competencia que forma parte del curr\u00edculo escolar dentro del \u00e1mbito de conocimiento del medio.<br \/>\nEn este cuaderno did\u00e1ctico se habla de la evoluci\u00f3n hist\u00f3rica de Comarruga y de los espacios naturales de las Madrigueras y de la Reserva marina de Mas\u00eda Blanca y se propone a los alumnos diferentes ejercicios para aprender mientras juegan.<br \/>\nEl objetivo de este cuaderno es dar a conocer a los alumnos la historia de Comarruga de forma amena y establecer as\u00ed una vinculaci\u00f3n con el entorno donde viven y que se conviertan en embajadores del territorio.<br \/>\nLa directora del instituto escuela Comarruga, Mireia Garcia, explic\u00f3 que &quot;la idea de este cuaderno educativo surgi\u00f3 en el proceso de poner un nombre en el centro en el que se hizo un estudio del n\u00facleo mar\u00edtimo para conocer la su historia, lugares emblem\u00e1ticos y personajes importantes &quot;. Mireia Garcia ha aprovechado la ocasi\u00f3n para anunciar que el nombre escogido para el instituto escuela es Comarruga.<br \/>\nLa concejala de Educaci\u00f3n y Cultura, Silvia Vaquero, explic\u00f3 que &quot;a petici\u00f3n del instituto escuela cre\u00edmos muy conveniente hacer este cuaderno educativo mediante un trabajo transversal y coordinado de las concejal\u00edas de Educaci\u00f3n y Cultura y la oficina t\u00e9cnica del Feder Comarruga &quot;.<\/p>\n","protected":false},"excerpt":{"rendered":"<p>El Vendrell 21 de junio de 2021 En colaboraci\u00f3n con las concejal\u00edas de Educaci\u00f3n y de Cultura y el instituto escuela Comarruga, en el marco del proyecto Feder Comarruga ha desarrollado un cuaderno educativo para explicar a los alumnos de segundo de primaria la historia de este n\u00facleo mar\u00edtimo, competencia que forma parte del curr\u00edculo [&hellip;]<\/p>\n","protected":false},"author":1,"featured_media":20647,"comment_status":"open","ping_status":"closed","sticky":false,"template":"","format":"standard","meta":{"_acf_changed":false,"_et_pb_use_builder":"","_et_pb_old_content":"","_et_gb_content_width":"","content-type":"","footnotes":""},"categories":[],"tags":[],"dipi_cpt_category":[],"class_list":["post-25473","post","type-post","status-publish","format-standard","has-post-thumbnail","hentry"],"acf":[],"_links":{"self":[{"href":"https:\/\/www.elvendrellturisme.com\/es\/wp-json\/wp\/v2\/posts\/25473","targetHints":{"allow":["GET"]}}],"collection":[{"href":"https:\/\/www.elvendrellturisme.com\/es\/wp-json\/wp\/v2\/posts"}],"about":[{"href":"https:\/\/www.elvendrellturisme.com\/es\/wp-json\/wp\/v2\/types\/post"}],"author":[{"embeddable":true,"href":"https:\/\/www.elvendrellturisme.com\/es\/wp-json\/wp\/v2\/users\/1"}],"replies":[{"embeddable":true,"href":"https:\/\/www.elvendrellturisme.com\/es\/wp-json\/wp\/v2\/comments?post=25473"}],"version-history":[{"count":0,"href":"https:\/\/www.elvendrellturisme.com\/es\/wp-json\/wp\/v2\/posts\/25473\/revisions"}],"wp:featuredmedia":[{"embeddable":true,"href":"https:\/\/www.elvendrellturisme.com\/es\/wp-json\/wp\/v2\/media\/20647"}],"wp:attachment":[{"href":"https:\/\/www.elvendrellturisme.com\/es\/wp-json\/wp\/v2\/media?parent=25473"}],"wp:term":[{"taxonomy":"category","embeddable":true,"href":"https:\/\/www.elvendrellturisme.com\/es\/wp-json\/wp\/v2\/categories?post=25473"},{"taxonomy":"post_tag","embeddable":true,"href":"https:\/\/www.elvendrellturisme.com\/es\/wp-json\/wp\/v2\/tags?post=25473"},{"taxonomy":"dipi_cpt_category","embeddable":true,"href":"https:\/\/www.elvendrellturisme.com\/es\/wp-json\/wp\/v2\/dipi_cpt_category?post=25473"}],"curies":[{"name":"wp","href":"https:\/\/api.w.org\/{rel}","templated":true}]}}