{"id":30239,"date":"2021-10-21T12:00:02","date_gmt":"2021-10-21T10:00:02","guid":{"rendered":"https:\/\/www.elvendrellturistic.com\/se-instalan-9-totems-informativos-de-la-ruta-cultural-comarruga-un-viaje-en-el-tiempo\/"},"modified":"2021-10-21T12:00:02","modified_gmt":"2021-10-21T10:00:02","slug":"se-instalan-9-totems-informativos-de-la-ruta-cultural-comarruga-un-viaje-en-el-tiempo","status":"publish","type":"post","link":"https:\/\/www.elvendrellturisme.com\/es\/se-instalan-9-totems-informativos-de-la-ruta-cultural-comarruga-un-viaje-en-el-tiempo\/","title":{"rendered":"Se instalan 9 t\u00f3tems informativos de la ruta cultural &#8220;Comarruga, un viaje en el tiempo&#8221;"},"content":{"rendered":"\n<p class=\"has-text-align-left\">Con el objetivo de se\u00f1alizar la ruta Comarruga un viaje en el tiempo se crean 10 t\u00f3tems informativos ubicados actualmente en 9 puntos de inter\u00e9s de Comarruga (el t\u00f3tem n\u00fam. 8 del Tabaris se pondr\u00e1 cuando se termine el edificio , ya que se ubicar\u00e1 frente al mismo). Esta acci\u00f3n estrat\u00e9gica forma parte del proyecto FEDER de Comarruga y m\u00e1s concretamente de su apartado de creaci\u00f3n de producto tur\u00edstico. Los t\u00f3tems disponen de informaci\u00f3n en cuatro idiomas: catal\u00e1n, castellano, ingl\u00e9s y franc\u00e9s por delante y por detr\u00e1s y van acompa\u00f1ados de im\u00e1genes.<\/p>\n\n<p>Mediante estos t\u00f3tems, se quiere facilitar tanto a residentes como a visitantes la posibilidad de descubrir \/ profundizar sobre:&#13;\nRuta del veraneo: la historia de Comarruga.&#13;\nRuta del mosaico: informaci\u00f3n sobre el patrimonio art\u00edstico creado por el artista Santiago Padr\u00f3s en Coma-ruga.&#13;\nPuntos de termalismo: informaci\u00f3n sobre el origen y las propiedades del agua termal en Coma-ruga.&#13;\n&#13;\nProgramaci\u00f3n de actividades culturales para el p\u00fablico familiar dentro del proyecto FEDER&#13;\nAprovechando el pr\u00f3ximo puente de la Constituci\u00f3n se prev\u00e9 programar una serie de actividades familiares relacionadas con el proyecto FEDER y de puesta en valor de esta nueva se\u00f1alizaci\u00f3n.<\/p>\n","protected":false},"excerpt":{"rendered":"<p>Con el objetivo de se\u00f1alizar la ruta Comarruga un viaje en el tiempo se crean 10 t\u00f3tems informativos ubicados actualmente en 9 puntos de inter\u00e9s de Comarruga (el t\u00f3tem n\u00fam. 8 del Tabaris se pondr\u00e1 cuando se termine el edificio , ya que se ubicar\u00e1 frente al mismo). Esta acci\u00f3n estrat\u00e9gica forma parte del proyecto [&hellip;]<\/p>\n","protected":false},"author":3,"featured_media":26025,"comment_status":"open","ping_status":"closed","sticky":false,"template":"","format":"standard","meta":{"_acf_changed":false,"_et_pb_use_builder":"","_et_pb_old_content":"","_et_gb_content_width":"","content-type":"","footnotes":""},"categories":[112],"tags":[],"dipi_cpt_category":[],"class_list":["post-30239","post","type-post","status-publish","format-standard","has-post-thumbnail","hentry","category-noticias"],"acf":[],"_links":{"self":[{"href":"https:\/\/www.elvendrellturisme.com\/es\/wp-json\/wp\/v2\/posts\/30239","targetHints":{"allow":["GET"]}}],"collection":[{"href":"https:\/\/www.elvendrellturisme.com\/es\/wp-json\/wp\/v2\/posts"}],"about":[{"href":"https:\/\/www.elvendrellturisme.com\/es\/wp-json\/wp\/v2\/types\/post"}],"author":[{"embeddable":true,"href":"https:\/\/www.elvendrellturisme.com\/es\/wp-json\/wp\/v2\/users\/3"}],"replies":[{"embeddable":true,"href":"https:\/\/www.elvendrellturisme.com\/es\/wp-json\/wp\/v2\/comments?post=30239"}],"version-history":[{"count":1,"href":"https:\/\/www.elvendrellturisme.com\/es\/wp-json\/wp\/v2\/posts\/30239\/revisions"}],"predecessor-version":[{"id":30240,"href":"https:\/\/www.elvendrellturisme.com\/es\/wp-json\/wp\/v2\/posts\/30239\/revisions\/30240"}],"wp:featuredmedia":[{"embeddable":true,"href":"https:\/\/www.elvendrellturisme.com\/es\/wp-json\/wp\/v2\/media\/26025"}],"wp:attachment":[{"href":"https:\/\/www.elvendrellturisme.com\/es\/wp-json\/wp\/v2\/media?parent=30239"}],"wp:term":[{"taxonomy":"category","embeddable":true,"href":"https:\/\/www.elvendrellturisme.com\/es\/wp-json\/wp\/v2\/categories?post=30239"},{"taxonomy":"post_tag","embeddable":true,"href":"https:\/\/www.elvendrellturisme.com\/es\/wp-json\/wp\/v2\/tags?post=30239"},{"taxonomy":"dipi_cpt_category","embeddable":true,"href":"https:\/\/www.elvendrellturisme.com\/es\/wp-json\/wp\/v2\/dipi_cpt_category?post=30239"}],"curies":[{"name":"wp","href":"https:\/\/api.w.org\/{rel}","templated":true}]}}