{"id":37747,"date":"2022-03-02T12:20:28","date_gmt":"2022-03-02T10:20:28","guid":{"rendered":"https:\/\/www.elvendrellturistic.com\/actuacion-al-bunker-de-las-madrigueres-para-recordar-su-historia\/"},"modified":"2022-03-02T12:20:30","modified_gmt":"2022-03-02T10:20:30","slug":"actuacion-al-bunker-de-las-madrigueres-para-recordar-su-historia","status":"publish","type":"post","link":"https:\/\/www.elvendrellturisme.com\/es\/actuacion-al-bunker-de-las-madrigueres-para-recordar-su-historia\/","title":{"rendered":"Actuaci\u00f3n al b\u00fanker de las Madrigueres para recordar su historia"},"content":{"rendered":"\n<p>Al b\u00fanker ubicado en la playa de las Madrigueres se ha hecho una actuaci\u00f3n para recuperar, por un lado, la memoria hist\u00f3rica de un elemento de tiempo de guerra con una reproducci\u00f3n del cuadro Gernika de Picassso, y, por otra banda, para recordar que entre el 1949 y el 1953 fue la vivienda de una familia.<\/p>\n\n<p>El b\u00fanker de las Madrigueres era un nido de ametralladoras que formaba parte de las fortificaciones de costa erigidas por el gobierno de la Rep\u00fablica por posibles ataques mar\u00edtimos por parte de tropas franquistas. Al finalizar la Guerra Civil, la dictadura de Franco mantuvo estos elementos activos hasta el 1945 por la posibilidad de desembarcos de los aliados en la Segunda Guerra Mundial.<\/p>\n\n<p>El matrimonio Casas Per\u00edn con cuatro hijos se instal\u00f3 en 1949 cuando lleg\u00f3 a Catalu\u00f1a para empezar una nueva vida, despu\u00e9s de un largo viaje desde Marmolejo (Ja\u00e9n) de donde el progenitor hab\u00eda sido desterrado para luchar al bando republicano. El diciembre de 1950 el b\u00fanker de las Madrigueres fue el lugar de nacimiento del hermano m\u00e1s peque\u00f1o.<\/p>\n\n<p>La regidora de Turismo y Playas, B\u00e1rbara Peris, ha explicado que esta actuaci\u00f3n tiene por objetivo recordar que \u201cel b\u00fanker fue un espacio de muerte que aconteci\u00f3 un lugar de vida, y que actualmente es un elemento de memoria hist\u00f3rica que forma parte de un espacio natural de playa, de ocio y de turismo\u201d.<\/p>\n","protected":false},"excerpt":{"rendered":"<p>Al b\u00fanker ubicado en la playa de las Madrigueres se ha hecho una actuaci\u00f3n para recuperar, por un lado, la memoria hist\u00f3rica de un elemento de tiempo de guerra con una reproducci\u00f3n del cuadro Gernika de Picassso, y, por otra banda, para recordar que entre el 1949 y el 1953 fue la vivienda de una [&hellip;]<\/p>\n","protected":false},"author":3,"featured_media":26025,"comment_status":"open","ping_status":"closed","sticky":false,"template":"","format":"standard","meta":{"_acf_changed":false,"_et_pb_use_builder":"","_et_pb_old_content":"","_et_gb_content_width":"","content-type":"","footnotes":""},"categories":[112],"tags":[],"dipi_cpt_category":[],"class_list":["post-37747","post","type-post","status-publish","format-standard","has-post-thumbnail","hentry","category-noticias"],"acf":[],"_links":{"self":[{"href":"https:\/\/www.elvendrellturisme.com\/es\/wp-json\/wp\/v2\/posts\/37747","targetHints":{"allow":["GET"]}}],"collection":[{"href":"https:\/\/www.elvendrellturisme.com\/es\/wp-json\/wp\/v2\/posts"}],"about":[{"href":"https:\/\/www.elvendrellturisme.com\/es\/wp-json\/wp\/v2\/types\/post"}],"author":[{"embeddable":true,"href":"https:\/\/www.elvendrellturisme.com\/es\/wp-json\/wp\/v2\/users\/3"}],"replies":[{"embeddable":true,"href":"https:\/\/www.elvendrellturisme.com\/es\/wp-json\/wp\/v2\/comments?post=37747"}],"version-history":[{"count":1,"href":"https:\/\/www.elvendrellturisme.com\/es\/wp-json\/wp\/v2\/posts\/37747\/revisions"}],"predecessor-version":[{"id":37748,"href":"https:\/\/www.elvendrellturisme.com\/es\/wp-json\/wp\/v2\/posts\/37747\/revisions\/37748"}],"wp:featuredmedia":[{"embeddable":true,"href":"https:\/\/www.elvendrellturisme.com\/es\/wp-json\/wp\/v2\/media\/26025"}],"wp:attachment":[{"href":"https:\/\/www.elvendrellturisme.com\/es\/wp-json\/wp\/v2\/media?parent=37747"}],"wp:term":[{"taxonomy":"category","embeddable":true,"href":"https:\/\/www.elvendrellturisme.com\/es\/wp-json\/wp\/v2\/categories?post=37747"},{"taxonomy":"post_tag","embeddable":true,"href":"https:\/\/www.elvendrellturisme.com\/es\/wp-json\/wp\/v2\/tags?post=37747"},{"taxonomy":"dipi_cpt_category","embeddable":true,"href":"https:\/\/www.elvendrellturisme.com\/es\/wp-json\/wp\/v2\/dipi_cpt_category?post=37747"}],"curies":[{"name":"wp","href":"https:\/\/api.w.org\/{rel}","templated":true}]}}