{"id":37756,"date":"2022-03-02T12:55:43","date_gmt":"2022-03-02T10:55:43","guid":{"rendered":"https:\/\/www.elvendrellturistic.com\/la-recuperacion-del-premio-teresina-martorell-novedad-destacada-de-los-actos-del-8-de-marzo-en-el-vendrell\/"},"modified":"2022-03-02T12:55:44","modified_gmt":"2022-03-02T10:55:44","slug":"la-recuperacion-del-premio-teresina-martorell-novedad-destacada-de-los-actos-del-8-de-marzo-en-el-vendrell","status":"publish","type":"post","link":"https:\/\/www.elvendrellturisme.com\/es\/la-recuperacion-del-premio-teresina-martorell-novedad-destacada-de-los-actos-del-8-de-marzo-en-el-vendrell\/","title":{"rendered":"La recuperaci\u00f3n del premio Teresina Martorell, novedad destacada de los actos del 8 de Marzo en el Vendrell"},"content":{"rendered":"\n<p>Hoy se ha presentado el conjunto de actos organizados alrededor del 8 de Marzo, D\u00eda Internacional de las Mujeres, organizados por la Concejal\u00eda de Pol\u00edticas de G\u00e9nero e Igualdad y Derechos LGTBIQ. Una programaci\u00f3n que se ha tejido trabajando conjuntamente con otras concejal\u00edas como la de Cultura, la de Turismo o la de Servicios Sociales. En palabras del regidor de Pol\u00edticas de G\u00e9nero e Igualdad, Christian Soriano, \u201cesto habla de c\u00f3mo por este gobierno las pol\u00edticas p\u00fablicas en materia de igualdad y feminismo se tienen que llevar a cabo con car\u00e1cter transversal y aplicando la perspectiva de g\u00e9nero\u201d.<\/p>\n\n<p>Dentro del programa de actos destaca este a\u00f1o la recuperaci\u00f3n del Premio *Teresina Martorell, que este a\u00f1o llegar\u00e1 a su d\u00e9cima edici\u00f3n. Este galard\u00f3n, que se otorg\u00f3 por \u00faltima vez en 2007 y sirve para poner en valor la figura de la maestra y pedagoga *Teresina Martorell, tiene por objetivo reconocer y visibilizar socialmente el valor del trabajo realizado por mujeres en cualquier \u00e1mbito. En concreto, se otorga con car\u00e1cter individual a una mujer o a una entidad que haya desarrollado en el municipio actividades en cualquier \u00e1mbito social, cultural, pol\u00edtico, laboral, educativo, deportivo, de investigaci\u00f3n o que haya contribuido a la defensa de la igualdad entre g\u00e9neros y que sean susceptibles de reconocimiento p\u00fablico.<\/p>\n\n<p><strong>Programa de actos 8 de Marzo:<\/strong><\/p>\n\n<p><strong>4 de marzo<\/strong><br\/>A las 19 h, en la Biblioteca P\u00fablica Terra Baixa<br\/>Espect\u00e1culo: Con ojos de mujer, de Marta Mill\u00e0 y Mediev\u00e0lia Camerata, organizado por la Biblioteca P\u00fablica Terra Baixa y la Concejal\u00eda de Pol\u00edticas de G\u00e9nero, Igualdad y Derechos LGTBIQ.<\/p>\n\n<p>Con inscripciones y plazas limitadas (ver programa de la Biblioteca).<\/p>\n\n<p><strong>5 de marzo<\/strong><br\/>A las 9.30 h, Zumba, y a las 10.30 h, Pilates, en la zona del Riuet (Coma-ruga)<br\/>Deporte y salud en la playa, organizado por la Concejal\u00eda de Turismo.<\/p>\n\n<p><strong>7 de marzo<\/strong><br\/>A las 19.30 h, al Museo Deu<br\/>Charla: \u201c*Pippi *Calcesllargues, la revoluci\u00f3n feminista (Biblioteca pop)\u201d, a cargo de Lloren\u00e7 Aviny\u00f3, organizado por la Concejal\u00eda de Cultura.<\/p>\n\n<p><strong>8 de marzo<\/strong><\/p>\n\n<p>A las 11 h, en la plaza del T\u00edvoli, ACTO INSTITUCIONAL:<br\/>-Lectura de la declaraci\u00f3n institucional.<br\/>-Presentaci\u00f3n del grafito de Pilar Defill\u00f3 Amiguet.<\/p>\n\n<p>A las 20 h, en el auditorio de la Escuela Municipal de M\u00fasica Pau Casals<br\/>Presentaci\u00f3n del libro Mujeres del siglo XIX en el Vendrell y la presencia de Carme Karr, de Neus Oliveras, y actuaci\u00f3n de Griselda Ramon, organizado por la Concejal\u00eda de Cultura.<\/p>\n\n<p><strong>9 de marzo<\/strong><br\/>A las 19 h, al Teatro Espai (c\/ Colom, 4-12, bajos)<br\/>Obra de teatro: Red Pontiac, de Teatro Espai, organizada por la Concejal\u00eda de Pol\u00edticas de G\u00e9nero, Igualdad y Derechos LGTBIQ.<\/p>\n\n<p>Obra gratuita con plazas limitadas.<\/p>\n\n<p><strong>10 de marzo<\/strong><br\/>A las 18 h, al Museo Deu<br\/>Visita comentada de la exposici\u00f3n temporal \u201cLas mujeres del t\u00e9\u201d, a cargo de Mary Gum\u00e0 (ceramista), organizada por el Museo Deu.<\/p>\n\n<p>Exposici\u00f3n: del 10 de marzo al 31 de mayo.<\/p>\n\n<p>A las 18 h, en la Biblioteca P\u00fablica Terra Baixa<br\/>La Hora del Cuento: Petita&amp;Gran, de Creixent amb Art, organizada por la Biblioteca P\u00fablica Terra Baixa.<br\/>Con inscripciones y plazas limitadas (ver programa de la Biblioteca).<\/p>\n\n<p>A las 19.30 h, en la capilla de F\u00e0tima<br\/>Mesa redonda: \u201c(SILENCIO. Nota que no se ejecuta, ausencia de sonido). Las mujeres son(en). A pesar de todo\u201d, con Nerea Basart, Griselda Ramon, Marc Guitart y Carlota Baldr\u00eds, moderada por Ariadna Caballero, organizada por la Concejal\u00eda de Cultura.<\/p>\n\n<p><strong>13 de marzo<\/strong><br\/>A las 10 h, en la Rambla<br\/>3.\u00aa Caminata solidaria para las mujeres, organizada por el Grupo de Mujeres Al-Manar, con el apoyo de la Mesa comunitaria y la Concejal\u00eda de Servicios Sociales, con la colaboraci\u00f3n de la Concejal\u00eda de Pol\u00edticas de G\u00e9nero, Igualdad y Derechos LGTBIQ.<\/p>\n\n<p>Inscripciones a partir de las 9 h, en la Rambla (https:\/\/forms.gle\/rdEYQ8wE2nHMpRrFA).<\/p>\n\n<p><strong>18 de marzo<\/strong><br\/>A las 20 h, en el Centro c\u00edvico La Estaci\u00f3n<br\/>Acto de concesi\u00f3n del 10.\u00ba Premio *Teresina Martorell, organizado por la Concejal\u00eda de Pol\u00edticas de G\u00e9nero, Igualdad y Derechos LGTBIQ<\/p>\n\n<p><strong>5 y 19 de marzo; 2, 16 y 30 de abril; 14 y 18 de mayo, 4 y 18 de junio<\/strong><br\/>De 9 h a 13 h, en la calle Cam\u00ed Reial, 17<br\/>Curso: \u201cViolencia machista: herramientas de intervenci\u00f3n socioeducativa\u201d, organizado por el Centro de formaci\u00f3n Fundesplai y La Ballaruga.<\/p>\n\n<p>M\u00e1s informaci\u00f3n: 977 66 40 02 o laballaruga.org.<\/p>\n","protected":false},"excerpt":{"rendered":"<p>Hoy se ha presentado el conjunto de actos organizados alrededor del 8 de Marzo, D\u00eda Internacional de las Mujeres, organizados por la Concejal\u00eda de Pol\u00edticas de G\u00e9nero e Igualdad y Derechos LGTBIQ. Una programaci\u00f3n que se ha tejido trabajando conjuntamente con otras concejal\u00edas como la de Cultura, la de Turismo o la de Servicios Sociales. [&hellip;]<\/p>\n","protected":false},"author":3,"featured_media":26025,"comment_status":"open","ping_status":"closed","sticky":false,"template":"","format":"standard","meta":{"_acf_changed":false,"_et_pb_use_builder":"","_et_pb_old_content":"","_et_gb_content_width":"","content-type":"","footnotes":""},"categories":[112],"tags":[],"dipi_cpt_category":[],"class_list":["post-37756","post","type-post","status-publish","format-standard","has-post-thumbnail","hentry","category-noticias"],"acf":[],"_links":{"self":[{"href":"https:\/\/www.elvendrellturisme.com\/es\/wp-json\/wp\/v2\/posts\/37756","targetHints":{"allow":["GET"]}}],"collection":[{"href":"https:\/\/www.elvendrellturisme.com\/es\/wp-json\/wp\/v2\/posts"}],"about":[{"href":"https:\/\/www.elvendrellturisme.com\/es\/wp-json\/wp\/v2\/types\/post"}],"author":[{"embeddable":true,"href":"https:\/\/www.elvendrellturisme.com\/es\/wp-json\/wp\/v2\/users\/3"}],"replies":[{"embeddable":true,"href":"https:\/\/www.elvendrellturisme.com\/es\/wp-json\/wp\/v2\/comments?post=37756"}],"version-history":[{"count":1,"href":"https:\/\/www.elvendrellturisme.com\/es\/wp-json\/wp\/v2\/posts\/37756\/revisions"}],"predecessor-version":[{"id":37757,"href":"https:\/\/www.elvendrellturisme.com\/es\/wp-json\/wp\/v2\/posts\/37756\/revisions\/37757"}],"wp:featuredmedia":[{"embeddable":true,"href":"https:\/\/www.elvendrellturisme.com\/es\/wp-json\/wp\/v2\/media\/26025"}],"wp:attachment":[{"href":"https:\/\/www.elvendrellturisme.com\/es\/wp-json\/wp\/v2\/media?parent=37756"}],"wp:term":[{"taxonomy":"category","embeddable":true,"href":"https:\/\/www.elvendrellturisme.com\/es\/wp-json\/wp\/v2\/categories?post=37756"},{"taxonomy":"post_tag","embeddable":true,"href":"https:\/\/www.elvendrellturisme.com\/es\/wp-json\/wp\/v2\/tags?post=37756"},{"taxonomy":"dipi_cpt_category","embeddable":true,"href":"https:\/\/www.elvendrellturisme.com\/es\/wp-json\/wp\/v2\/dipi_cpt_category?post=37756"}],"curies":[{"name":"wp","href":"https:\/\/api.w.org\/{rel}","templated":true}]}}