{"id":38004,"date":"2022-04-05T08:57:10","date_gmt":"2022-04-05T06:57:10","guid":{"rendered":"https:\/\/www.elvendrellturistic.com\/turismo-del-vendrell-apuesta-por-la-desestacionalizacion-con-la-cohesion-territorial-turistica-integral\/"},"modified":"2022-04-05T08:57:12","modified_gmt":"2022-04-05T06:57:12","slug":"turismo-del-vendrell-apuesta-por-la-desestacionalizacion-con-la-cohesion-territorial-turistica-integral","status":"publish","type":"post","link":"https:\/\/www.elvendrellturisme.com\/es\/turismo-del-vendrell-apuesta-por-la-desestacionalizacion-con-la-cohesion-territorial-turistica-integral\/","title":{"rendered":"Turismo del Vendrell apuesta por la desestacionalizaci\u00f3n con la cohesi\u00f3n territorial tur\u00edstica integral"},"content":{"rendered":"\n<p>La Concejal\u00eda de Turismo hace una apuesta por la desestacionalizaci\u00f3n con la cohesi\u00f3n territorial tur\u00edstica integral potenciando el turismo de salud y de naturaleza con la creaci\u00f3n de sinergias con otros recursos del territorio: cultura y tradici\u00f3n, patrimonio y arquitectura, entorno rural y caminos, entre otros de car\u00e1cter social. Con el objetivo \u201c360\u00b0 : 7\/52\u201d se quieren integrar todos los atractivos del municipio con actividades, productos y servicios todo el a\u00f1o y para todo el mundo.<\/p>\n\n<p>Algunas de las acciones que ya se han hecho en este sentido son renovar la imagen y la comunicaci\u00f3n de Turismo del Vendrell con un nuevo portal web, un nuevo logotipo y nuevas formas de difusi\u00f3n de las actividades.<\/p>\n\n<p>Y con el objetivo de atender las demandas de los vecinos de las playas y para complementar el ocio durante la estancia de visitantes y veraneantes, se est\u00e1 trabajando en un proyecto para convertir el antiguo Cine Brisamar en un espacio de salud y deporte denominado \u201cBrisamar cuerpo y alma\u201d. Por un lado, se pretende recuperar un espacio emblem\u00e1tico que actualmente est\u00e1 en desuso y, por otra banda, poder disponer de una equipaci\u00f3n abierta todo el a\u00f1o que responda a la necesidad de bienestar de las personas.<\/p>\n","protected":false},"excerpt":{"rendered":"<p>La Concejal\u00eda de Turismo hace una apuesta por la desestacionalizaci\u00f3n con la cohesi\u00f3n territorial tur\u00edstica integral potenciando el turismo de salud y de naturaleza con la creaci\u00f3n de sinergias con otros recursos del territorio: cultura y tradici\u00f3n, patrimonio y arquitectura, entorno rural y caminos, entre otros de car\u00e1cter social. Con el objetivo \u201c360\u00b0 : 7\/52\u201d [&hellip;]<\/p>\n","protected":false},"author":3,"featured_media":26025,"comment_status":"open","ping_status":"closed","sticky":false,"template":"","format":"standard","meta":{"_acf_changed":false,"_et_pb_use_builder":"","_et_pb_old_content":"","_et_gb_content_width":"","content-type":"","footnotes":""},"categories":[112],"tags":[],"dipi_cpt_category":[],"class_list":["post-38004","post","type-post","status-publish","format-standard","has-post-thumbnail","hentry","category-noticias"],"acf":[],"_links":{"self":[{"href":"https:\/\/www.elvendrellturisme.com\/es\/wp-json\/wp\/v2\/posts\/38004","targetHints":{"allow":["GET"]}}],"collection":[{"href":"https:\/\/www.elvendrellturisme.com\/es\/wp-json\/wp\/v2\/posts"}],"about":[{"href":"https:\/\/www.elvendrellturisme.com\/es\/wp-json\/wp\/v2\/types\/post"}],"author":[{"embeddable":true,"href":"https:\/\/www.elvendrellturisme.com\/es\/wp-json\/wp\/v2\/users\/3"}],"replies":[{"embeddable":true,"href":"https:\/\/www.elvendrellturisme.com\/es\/wp-json\/wp\/v2\/comments?post=38004"}],"version-history":[{"count":1,"href":"https:\/\/www.elvendrellturisme.com\/es\/wp-json\/wp\/v2\/posts\/38004\/revisions"}],"predecessor-version":[{"id":38005,"href":"https:\/\/www.elvendrellturisme.com\/es\/wp-json\/wp\/v2\/posts\/38004\/revisions\/38005"}],"wp:featuredmedia":[{"embeddable":true,"href":"https:\/\/www.elvendrellturisme.com\/es\/wp-json\/wp\/v2\/media\/26025"}],"wp:attachment":[{"href":"https:\/\/www.elvendrellturisme.com\/es\/wp-json\/wp\/v2\/media?parent=38004"}],"wp:term":[{"taxonomy":"category","embeddable":true,"href":"https:\/\/www.elvendrellturisme.com\/es\/wp-json\/wp\/v2\/categories?post=38004"},{"taxonomy":"post_tag","embeddable":true,"href":"https:\/\/www.elvendrellturisme.com\/es\/wp-json\/wp\/v2\/tags?post=38004"},{"taxonomy":"dipi_cpt_category","embeddable":true,"href":"https:\/\/www.elvendrellturisme.com\/es\/wp-json\/wp\/v2\/dipi_cpt_category?post=38004"}],"curies":[{"name":"wp","href":"https:\/\/api.w.org\/{rel}","templated":true}]}}