{"id":38672,"date":"2022-06-20T12:11:06","date_gmt":"2022-06-20T10:11:06","guid":{"rendered":"https:\/\/www.elvendrellturistic.com\/coma-ruga-acoge-una-nueva-edicion-del-testiu-el-vendrell\/"},"modified":"2022-06-20T12:11:07","modified_gmt":"2022-06-20T10:11:07","slug":"coma-ruga-acoge-una-nueva-edicion-del-testiu-el-vendrell","status":"publish","type":"post","link":"https:\/\/www.elvendrellturisme.com\/es\/coma-ruga-acoge-una-nueva-edicion-del-testiu-el-vendrell\/","title":{"rendered":"Coma-ruga acoge una nueva edici\u00f3n del \u201cT&#8217;Estiu El Vendrell\u201d"},"content":{"rendered":"\n<p>Del 23 al 26 de junio, en Coma-ruga, tendr\u00e1 lugar una segunda edici\u00f3n del \u201cT&#8217;Estiu El Vendrell\u201d, una nueva propuesta de la Concejal\u00eda de Promoci\u00f3n Econ\u00f3mica que se inici\u00f3 el a\u00f1o pasado para la promoci\u00f3n del municipio mediante diferentes acciones.<\/p>\n\n<p>La concejala de Ferias, M. Luz Ram\u00edrez, ha destacado que &#8220;como que el a\u00f1o pasado funcion\u00f3 muy bien, se ha apostado por continuar con la misma f\u00f3rmula de coger la parte m\u00e1s l\u00fadica de lo que era el Turismar&#8221;.<\/p>\n\n<p>En este sentido, se han programado diversas actividades l\u00fadicas: conciertos; animaciones infantiles; una gincana familiar, una ruta cultural y un taller me relaci\u00f3n con los mosaicos de Santiago Padr\u00f3s y edificios hist\u00f3ricos del n\u00facleo mar\u00edtimo; dinamizaciones teatrales; actividades deportivas; una charla literaria; una ruta comentada en la Colonia Ferroviaria de San Vicente de Calders; un encuentro de placas de cava, y un encendido de luces de bestias de fuego.<\/p>\n\n<p>Por otra parte, en el paseo mar\u00edtimo habr\u00e1 paradas de artesan\u00eda, y la plaza del Tabaris ser\u00e1 el espacio que acoger\u00e1 un espacio solidario dedicado a la protecci\u00f3n animal y una jaima \u00e1rabe.<\/p>\n\n<p>El acto inaugural tendr\u00e1 lugar el jueves 23 de junio, a las 19 h, en la plaza Germans Trillas, y ese mismo d\u00eda, a las 23 h, en la plaza Tabaris, se dar\u00e1 la bienvenida al verano con fuegos artificiales.<\/p>\n\n<p>El programa de actos del \u201cT&#8217;Estiu El Vendrell\u201d se puede consultar en la web municipal:<\/p>\n<figure class=\"wp-block-embed\">\r\n<div class=\"wp-block-embed__wrapper\">https:\/\/www.elvendrell.net\/images\/stories\/el-vendrell-per-temes\/promocio_economica\/Turismar\/PROGRAMA_TESTIU_DEF.pdf<\/div>\r\n<\/figure>","protected":false},"excerpt":{"rendered":"<p>Del 23 al 26 de junio, en Coma-ruga, tendr\u00e1 lugar una segunda edici\u00f3n del \u201cT&#8217;Estiu El Vendrell\u201d, una nueva propuesta de la Concejal\u00eda de Promoci\u00f3n Econ\u00f3mica que se inici\u00f3 el a\u00f1o pasado para la promoci\u00f3n del municipio mediante diferentes acciones. La concejala de Ferias, M. Luz Ram\u00edrez, ha destacado que &#8220;como que el a\u00f1o pasado [&hellip;]<\/p>\n","protected":false},"author":3,"featured_media":26025,"comment_status":"closed","ping_status":"closed","sticky":false,"template":"","format":"standard","meta":{"_acf_changed":false,"_et_pb_use_builder":"","_et_pb_old_content":"","_et_gb_content_width":"","content-type":"","footnotes":""},"categories":[112],"tags":[],"dipi_cpt_category":[],"class_list":["post-38672","post","type-post","status-publish","format-standard","has-post-thumbnail","hentry","category-noticias"],"acf":[],"_links":{"self":[{"href":"https:\/\/www.elvendrellturisme.com\/es\/wp-json\/wp\/v2\/posts\/38672","targetHints":{"allow":["GET"]}}],"collection":[{"href":"https:\/\/www.elvendrellturisme.com\/es\/wp-json\/wp\/v2\/posts"}],"about":[{"href":"https:\/\/www.elvendrellturisme.com\/es\/wp-json\/wp\/v2\/types\/post"}],"author":[{"embeddable":true,"href":"https:\/\/www.elvendrellturisme.com\/es\/wp-json\/wp\/v2\/users\/3"}],"replies":[{"embeddable":true,"href":"https:\/\/www.elvendrellturisme.com\/es\/wp-json\/wp\/v2\/comments?post=38672"}],"version-history":[{"count":1,"href":"https:\/\/www.elvendrellturisme.com\/es\/wp-json\/wp\/v2\/posts\/38672\/revisions"}],"predecessor-version":[{"id":38673,"href":"https:\/\/www.elvendrellturisme.com\/es\/wp-json\/wp\/v2\/posts\/38672\/revisions\/38673"}],"wp:featuredmedia":[{"embeddable":true,"href":"https:\/\/www.elvendrellturisme.com\/es\/wp-json\/wp\/v2\/media\/26025"}],"wp:attachment":[{"href":"https:\/\/www.elvendrellturisme.com\/es\/wp-json\/wp\/v2\/media?parent=38672"}],"wp:term":[{"taxonomy":"category","embeddable":true,"href":"https:\/\/www.elvendrellturisme.com\/es\/wp-json\/wp\/v2\/categories?post=38672"},{"taxonomy":"post_tag","embeddable":true,"href":"https:\/\/www.elvendrellturisme.com\/es\/wp-json\/wp\/v2\/tags?post=38672"},{"taxonomy":"dipi_cpt_category","embeddable":true,"href":"https:\/\/www.elvendrellturisme.com\/es\/wp-json\/wp\/v2\/dipi_cpt_category?post=38672"}],"curies":[{"name":"wp","href":"https:\/\/api.w.org\/{rel}","templated":true}]}}